{"id":20414,"date":"2015-04-30T02:18:53","date_gmt":"2015-04-30T02:18:53","guid":{"rendered":"http:\/\/www.univie.ac.at\/Geschichte\/salon21\/?p=20414"},"modified":"2022-05-19T16:05:42","modified_gmt":"2022-05-19T16:05:42","slug":"vortrag-karin-moser-und-mario-keller-die-emotionalisierung-nationaler-marken-im-oesterreichischen-werbefilm-1950-2000-13-05-2015-wien","status":"publish","type":"post","link":"https:\/\/salon21.univie.ac.at\/?p=20414","title":{"rendered":"Vortrag: Karin Moser und Mario Keller: Die Emotionalisierung nationaler Marken im \u00f6sterreichischen Werbefilm 1950-2000, 13.05.2015, Wien"},"content":{"rendered":"<div class=\"entry\">\n<strong>wisokolloquium. Reihe des Instituts f\u00fcr Wirtschafts- und Sozialgeschichte. Programm f\u00fcr das SoSe 2015<\/strong><a href=\"https:\/\/salon21.univie.ac.at\/wp-content\/uploads\/wisokolloquium-Programm-SS-2015.pdf\" target=\"_blank\" rel=\"noopener\"> (als PDF)<\/a><br \/>\nZeit: Mittwoch, 13.05.2015, 9.00\u201310.00 Uhr<br \/>\nOrt: Seminarraum WISO, Universit\u00e4tsring 1, Stiege 6<br \/>\nProdukte und klangvolle Marken sind Teil unserer (nationalen) Identit\u00e4t geworden. Mehr als jedes andere Medium versteht es der Film, auf verschiedensten sinnlichen Ebenen Botschaften zu vermitteln und Gef\u00fchle zu evozieren.<br \/>\nAusgehend von der These, dass der \u00f6sterreichische Werbefilm in den Nachkriegsjahren nationale Mythen und Symbole gezielt aufgreift, um damit sp\u00e4testens ab 1950 heimische Konsummarken zu bewerben, wird im Projekt untersucht, welche filmischen Emotionalisierungs-Strategien gew\u00e4hlt wurden, um diese Inhalte zu transferieren. Neun ausgew\u00e4hlte \u00f6sterreichische Marken stehen hierbei im Fokus der Untersuchung. Der Transfer nationaler Inhalte im Werbefilm wird dabei einerseits im historischen Kontext \u2013 unter Ber\u00fccksichtigung \u00f6konomischer, politischer, sozialer und kultureller Aspekte \u2013 erforscht. Andererseits sind die dabei eingesetzten filmischen Strategien strukturell und in Detailanalysen zu untersuchen.<br \/>\nKommentar: Christina Linsboth\n<\/div>\n","protected":false},"excerpt":{"rendered":"<p>wisokolloquium. Reihe des Instituts f\u00fcr Wirtschafts- und Sozialgeschichte. Programm f\u00fcr das SoSe 2015 (als PDF) Zeit: Mittwoch, 13.05.2015, 9.00\u201310.00 Uhr Ort: Seminarraum WISO, Universit\u00e4tsring 1, Stiege 6 Produkte und klangvolle Marken sind Teil unserer (nationalen) Identit\u00e4t geworden. Mehr als jedes andere Medium versteht es der Film, auf verschiedensten sinnlichen Ebenen Botschaften zu vermitteln und Gef\u00fchle [&hellip;]<\/p>\n","protected":false},"author":4,"featured_media":0,"comment_status":"closed","ping_status":"closed","sticky":false,"template":"","format":"standard","meta":{"footnotes":""},"categories":[4],"tags":[],"class_list":["post-20414","post","type-post","status-publish","format-standard","hentry","category-events"],"_links":{"self":[{"href":"https:\/\/salon21.univie.ac.at\/index.php?rest_route=\/wp\/v2\/posts\/20414","targetHints":{"allow":["GET"]}}],"collection":[{"href":"https:\/\/salon21.univie.ac.at\/index.php?rest_route=\/wp\/v2\/posts"}],"about":[{"href":"https:\/\/salon21.univie.ac.at\/index.php?rest_route=\/wp\/v2\/types\/post"}],"author":[{"embeddable":true,"href":"https:\/\/salon21.univie.ac.at\/index.php?rest_route=\/wp\/v2\/users\/4"}],"replies":[{"embeddable":true,"href":"https:\/\/salon21.univie.ac.at\/index.php?rest_route=%2Fwp%2Fv2%2Fcomments&post=20414"}],"version-history":[{"count":1,"href":"https:\/\/salon21.univie.ac.at\/index.php?rest_route=\/wp\/v2\/posts\/20414\/revisions"}],"predecessor-version":[{"id":59495,"href":"https:\/\/salon21.univie.ac.at\/index.php?rest_route=\/wp\/v2\/posts\/20414\/revisions\/59495"}],"wp:attachment":[{"href":"https:\/\/salon21.univie.ac.at\/index.php?rest_route=%2Fwp%2Fv2%2Fmedia&parent=20414"}],"wp:term":[{"taxonomy":"category","embeddable":true,"href":"https:\/\/salon21.univie.ac.at\/index.php?rest_route=%2Fwp%2Fv2%2Fcategories&post=20414"},{"taxonomy":"post_tag","embeddable":true,"href":"https:\/\/salon21.univie.ac.at\/index.php?rest_route=%2Fwp%2Fv2%2Ftags&post=20414"}],"curies":[{"name":"wp","href":"https:\/\/api.w.org\/{rel}","templated":true}]}}