{"id":30928,"date":"2017-08-31T01:37:21","date_gmt":"2017-08-31T01:37:21","guid":{"rendered":"http:\/\/www.univie.ac.at\/Geschichte\/salon21\/?p=30928"},"modified":"2025-09-14T09:25:01","modified_gmt":"2025-09-14T07:25:01","slug":"vortrag-rosa-costa-und-iris-mendel-feministische-wissenschaftskritik-in-der-schule-vorstellung-des-projekts-critical-science-literacy-12-10-2017-wien","status":"publish","type":"post","link":"https:\/\/salon21.univie.ac.at\/?p=30928","title":{"rendered":"Vortrag: Rosa Costa und Iris Mendel: Feministische Wissenschaftskritik in der Schule. Vorstellung des Projekts Critical Science Literacy, 12.10.2017, Wien"},"content":{"rendered":"<p><strong>Vortragsreihe &#8222;Feministisch(e) Kritik&#8220;: Sparkling Science Projekts Critical Science Literacy<\/strong><\/p>\n<p>Zeit: Do., 12.10.2017, 17:00 Uhr<br \/>\nWo: Institut f\u00fcr Politikwissenschaft (NIG, 2. Stock), Universit\u00e4tsstra\u00dfe 7, 1010 Wien<\/p>\n<p>Wissenschaft tr\u00e4gt zentral zur Aufrechterhaltung, aber auch zur Herausforderung von Herrschaftsverh\u00e4ltnissen bei. Ein kritischer Umgang mit wissenschaftlichem Wissen ist nicht zuletzt in vermeintlich postfaktischen Zeiten ein wesentlicher Bestandteil von politischer Bildung. Im Rahmen des Projekts \u201eCritical Science Literacy\u201c ging es darum, Konzepte und Methoden zu entwickeln, um mit Sch\u00fcler_innen einen kritischen Zugang zu wissenschaftlichem Wissen zu erarbeiten. Dabei wurde auf Einsichten der feministischen Wissenschaftskritik und einer kritischen P\u00e4dagogik zur\u00fcckgegriffen. Da wissenschaftliches Wissen \u00fcber den Menschen und \u00fcber Geschlechter eine zentrale Rolle bei der Regierung von Subjekten spielt, wurde insbesondere Geschlechterwissen in Frage gestellt. Einige Ergebnisse dieses Projekts, die nicht zuletzt in eine Sammlung von Lehrmaterialien eingehen, sollen im Rahmen des Vortrags vorgestellt und diskutiert werden. <a href=\"https:\/\/politikwissenschaft.univie.ac.at\/details\/news\/feministische-kritik-vermitteln\/\" target=\"_blank\" rel=\"noopener\">Weiterlesen &#8230; (Web)<\/a><\/p>\n","protected":false},"excerpt":{"rendered":"<p>Vortragsreihe &#8222;Feministisch(e) Kritik&#8220;: Sparkling Science Projekts Critical Science Literacy Zeit: Do., 12.10.2017, 17:00 Uhr Wo: Institut f\u00fcr Politikwissenschaft (NIG, 2. Stock), Universit\u00e4tsstra\u00dfe 7, 1010 Wien Wissenschaft tr\u00e4gt zentral zur Aufrechterhaltung, aber auch zur Herausforderung von Herrschaftsverh\u00e4ltnissen bei. Ein kritischer Umgang mit wissenschaftlichem Wissen ist nicht zuletzt in vermeintlich postfaktischen Zeiten ein wesentlicher Bestandteil von politischer [&hellip;]<\/p>\n","protected":false},"author":4,"featured_media":0,"comment_status":"closed","ping_status":"closed","sticky":false,"template":"","format":"standard","meta":{"footnotes":""},"categories":[4],"tags":[],"class_list":["post-30928","post","type-post","status-publish","format-standard","hentry","category-events"],"_links":{"self":[{"href":"https:\/\/salon21.univie.ac.at\/index.php?rest_route=\/wp\/v2\/posts\/30928","targetHints":{"allow":["GET"]}}],"collection":[{"href":"https:\/\/salon21.univie.ac.at\/index.php?rest_route=\/wp\/v2\/posts"}],"about":[{"href":"https:\/\/salon21.univie.ac.at\/index.php?rest_route=\/wp\/v2\/types\/post"}],"author":[{"embeddable":true,"href":"https:\/\/salon21.univie.ac.at\/index.php?rest_route=\/wp\/v2\/users\/4"}],"replies":[{"embeddable":true,"href":"https:\/\/salon21.univie.ac.at\/index.php?rest_route=%2Fwp%2Fv2%2Fcomments&post=30928"}],"version-history":[{"count":1,"href":"https:\/\/salon21.univie.ac.at\/index.php?rest_route=\/wp\/v2\/posts\/30928\/revisions"}],"predecessor-version":[{"id":57890,"href":"https:\/\/salon21.univie.ac.at\/index.php?rest_route=\/wp\/v2\/posts\/30928\/revisions\/57890"}],"wp:attachment":[{"href":"https:\/\/salon21.univie.ac.at\/index.php?rest_route=%2Fwp%2Fv2%2Fmedia&parent=30928"}],"wp:term":[{"taxonomy":"category","embeddable":true,"href":"https:\/\/salon21.univie.ac.at\/index.php?rest_route=%2Fwp%2Fv2%2Fcategories&post=30928"},{"taxonomy":"post_tag","embeddable":true,"href":"https:\/\/salon21.univie.ac.at\/index.php?rest_route=%2Fwp%2Fv2%2Ftags&post=30928"}],"curies":[{"name":"wp","href":"https:\/\/api.w.org\/{rel}","templated":true}]}}