{"id":32877,"date":"2018-02-27T02:08:17","date_gmt":"2018-02-27T02:08:17","guid":{"rendered":"http:\/\/www.univie.ac.at\/Geschichte\/salon21\/?p=32877"},"modified":"2022-05-19T15:59:47","modified_gmt":"2022-05-19T15:59:47","slug":"vortrag-johanna-gehmacher-und-katharina-prager-post-biografie-aktuelle-begrifflichkeiten-bedeutungen-und-praktiken-des-biografischen-01-03-2018-wien","status":"publish","type":"post","link":"https:\/\/salon21.univie.ac.at\/?p=32877","title":{"rendered":"Vortrag: Johanna Gehmacher und Katharina Prager: Post-Biografie? Aktuelle Begrifflichkeiten, Bedeutungen und Praktiken des Biografischen, 01.03.2018, Wien"},"content":{"rendered":"<p><strong>Kolloquium des Instituts f\u00fcr Europ\u00e4ische Ethnologie der Universit\u00e4t Wien im SoSe 2018 <\/strong><a href=\"https:\/\/salon21.univie.ac.at\/wp-content\/uploads\/Institutskolloquium_plan_SS18.pdf\" target=\"_blank\" rel=\"noopener\">(PDF)<\/a><br \/>\nZeit: Do., 01. M\u00e4rz 2018, 15.00 s.t.<br \/>\nOrt: Institut f\u00fcr Europ\u00e4ische Ethnologie, Hanuschgasse 3, 1010 Wien<br \/>\nJohanna Gehmacher (Universit\u00e4t Wien, Institut f\u00fcr Zeitgeschichte) und Katharina Prager (Ludwig Boltzmann Institut f\u00fcr Geschichte und Theorie der Biographie) er\u00f6ffnen mit ihrem Vortrag das Institutskolloquium im Sommersemester 2018, das das Thema &#8222;Biographieren&#8220; verfolgt.<br \/>\nWeitere Vortragende sind u.a. Klara L\u00f6ffler, Li Gerhalter, Bettina Dausien, Lukasz Nieradzik und Almut Leh <a href=\"https:\/\/salon21.univie.ac.at\/wp-content\/uploads\/Institutskolloquium_plan_SS18.pdf\" target=\"_blank\" rel=\"noopener\">(Programm als PDF)<\/a><\/p>\n","protected":false},"excerpt":{"rendered":"<p>Kolloquium des Instituts f\u00fcr Europ\u00e4ische Ethnologie der Universit\u00e4t Wien im SoSe 2018 (PDF) Zeit: Do., 01. M\u00e4rz 2018, 15.00 s.t. Ort: Institut f\u00fcr Europ\u00e4ische Ethnologie, Hanuschgasse 3, 1010 Wien Johanna Gehmacher (Universit\u00e4t Wien, Institut f\u00fcr Zeitgeschichte) und Katharina Prager (Ludwig Boltzmann Institut f\u00fcr Geschichte und Theorie der Biographie) er\u00f6ffnen mit ihrem Vortrag das Institutskolloquium im [&hellip;]<\/p>\n","protected":false},"author":4,"featured_media":0,"comment_status":"closed","ping_status":"closed","sticky":false,"template":"","format":"standard","meta":{"footnotes":""},"categories":[4],"tags":[],"class_list":["post-32877","post","type-post","status-publish","format-standard","hentry","category-events"],"_links":{"self":[{"href":"https:\/\/salon21.univie.ac.at\/index.php?rest_route=\/wp\/v2\/posts\/32877","targetHints":{"allow":["GET"]}}],"collection":[{"href":"https:\/\/salon21.univie.ac.at\/index.php?rest_route=\/wp\/v2\/posts"}],"about":[{"href":"https:\/\/salon21.univie.ac.at\/index.php?rest_route=\/wp\/v2\/types\/post"}],"author":[{"embeddable":true,"href":"https:\/\/salon21.univie.ac.at\/index.php?rest_route=\/wp\/v2\/users\/4"}],"replies":[{"embeddable":true,"href":"https:\/\/salon21.univie.ac.at\/index.php?rest_route=%2Fwp%2Fv2%2Fcomments&post=32877"}],"version-history":[{"count":1,"href":"https:\/\/salon21.univie.ac.at\/index.php?rest_route=\/wp\/v2\/posts\/32877\/revisions"}],"predecessor-version":[{"id":57562,"href":"https:\/\/salon21.univie.ac.at\/index.php?rest_route=\/wp\/v2\/posts\/32877\/revisions\/57562"}],"wp:attachment":[{"href":"https:\/\/salon21.univie.ac.at\/index.php?rest_route=%2Fwp%2Fv2%2Fmedia&parent=32877"}],"wp:term":[{"taxonomy":"category","embeddable":true,"href":"https:\/\/salon21.univie.ac.at\/index.php?rest_route=%2Fwp%2Fv2%2Fcategories&post=32877"},{"taxonomy":"post_tag","embeddable":true,"href":"https:\/\/salon21.univie.ac.at\/index.php?rest_route=%2Fwp%2Fv2%2Ftags&post=32877"}],"curies":[{"name":"wp","href":"https:\/\/api.w.org\/{rel}","templated":true}]}}