{"id":41990,"date":"2020-01-27T02:01:45","date_gmt":"2020-01-27T00:01:45","guid":{"rendered":"https:\/\/www.univie.ac.at\/Geschichte\/salon21\/?p=41990"},"modified":"2022-05-19T15:56:38","modified_gmt":"2022-05-19T15:56:38","slug":"cfp-14-arbeitstagung-gender-studies-in-der-historischen-bildungsforschung-koeln-07-2020-dl-30-04-2020","status":"publish","type":"post","link":"https:\/\/salon21.univie.ac.at\/?p=41990","title":{"rendered":"CfP: 14. Arbeitstagung Gender-Studies in der Historischen Bildungsforschung (K\u00f6ln, 07\/2020); DL: 30.04.2020"},"content":{"rendered":"<p><strong>Elke Kleinau und Wolfgang Gippert, Universit\u00e4t zu K\u00f6ln <\/strong><\/p>\n<p>Zeit: 10.-11.07.2020<br \/>\nOrt: Universit\u00e4t zu K\u00f6ln<br \/>\n<strong>Einreichfrist:<\/strong> 30.04.2020<\/p>\n<p>Mit der Einladung zu der 14. Arbeitstagung Gender-Studies in der Historischen Bildungsforschung wird eine von Prof.in Pia Schmid an der Martin-Luther-Universit\u00e4t Halle-Wittenberg begr\u00fcndete Tradition fortgesetzt, wenn auch nun in K\u00f6ln.<\/p>\n<p>Wie 2018 werden Wissenschaftler\/innen eingeladen, geplante, laufende oder k\u00fcrzlich abgeschlossene Forschungsprojekte vorzustellen. Angesprochen werden sollen vor allem Promovierende. \u00dcber die Diskussion einzelner Beitr\u00e4ge hinaus wird ausreichend Zeit f\u00fcr grunds\u00e4tzliche Diskussionen \u00fcber methodische bzw. methodologische und theoretische Fragen sowie f\u00fcr eine Bestandsaufnahme von Desideraten einger\u00e4umt.<\/p>\n<p>F\u00fcr die einzelnen Vortr\u00e4ge sind jeweils 30 Minuten Redezeit und 20 Minuten Diskussion geplant. Bitte schicken Sie Ihre Abstracts <strong>bis zum 30.4.2020<\/strong> an Wolfgang Gippert (wgippert@uni-koeln.de).<\/p>\n<p>Herzlich eingeladen sind auch all diejenigen, die als Zuh\u00f6rer\/innen, Mitdiskutant\/innen mitwirken wollen. Das vorl\u00e4ufige Programm wird voraussichtlich Ende Mai 2020 verschickt. Anmeldungen zur Tagungen nimmt ebenfalls Herr Gippert entgegen. <a href=\"https:\/\/www.hsozkult.de\/event\/id\/termine-42205?utm_source=hskhtml&amp;utm_medium=email&amp;utm_term=2020-1&amp;utm_campaign=htmldigest\" target=\"_blank\" rel=\"noopener noreferrer\">(Quelle)<\/a><\/p>\n","protected":false},"excerpt":{"rendered":"<p>Elke Kleinau und Wolfgang Gippert, Universit\u00e4t zu K\u00f6ln Zeit: 10.-11.07.2020 Ort: Universit\u00e4t zu K\u00f6ln Einreichfrist: 30.04.2020 Mit der Einladung zu der 14. Arbeitstagung Gender-Studies in der Historischen Bildungsforschung wird eine von Prof.in Pia Schmid an der Martin-Luther-Universit\u00e4t Halle-Wittenberg begr\u00fcndete Tradition fortgesetzt, wenn auch nun in K\u00f6ln. Wie 2018 werden Wissenschaftler\/innen eingeladen, geplante, laufende oder k\u00fcrzlich [&hellip;]<\/p>\n","protected":false},"author":4,"featured_media":0,"comment_status":"closed","ping_status":"closed","sticky":false,"template":"","format":"standard","meta":{"footnotes":""},"categories":[3],"tags":[],"class_list":["post-41990","post","type-post","status-publish","format-standard","hentry","category-calls-for-papers"],"_links":{"self":[{"href":"https:\/\/salon21.univie.ac.at\/index.php?rest_route=\/wp\/v2\/posts\/41990","targetHints":{"allow":["GET"]}}],"collection":[{"href":"https:\/\/salon21.univie.ac.at\/index.php?rest_route=\/wp\/v2\/posts"}],"about":[{"href":"https:\/\/salon21.univie.ac.at\/index.php?rest_route=\/wp\/v2\/types\/post"}],"author":[{"embeddable":true,"href":"https:\/\/salon21.univie.ac.at\/index.php?rest_route=\/wp\/v2\/users\/4"}],"replies":[{"embeddable":true,"href":"https:\/\/salon21.univie.ac.at\/index.php?rest_route=%2Fwp%2Fv2%2Fcomments&post=41990"}],"version-history":[{"count":1,"href":"https:\/\/salon21.univie.ac.at\/index.php?rest_route=\/wp\/v2\/posts\/41990\/revisions"}],"predecessor-version":[{"id":56295,"href":"https:\/\/salon21.univie.ac.at\/index.php?rest_route=\/wp\/v2\/posts\/41990\/revisions\/56295"}],"wp:attachment":[{"href":"https:\/\/salon21.univie.ac.at\/index.php?rest_route=%2Fwp%2Fv2%2Fmedia&parent=41990"}],"wp:term":[{"taxonomy":"category","embeddable":true,"href":"https:\/\/salon21.univie.ac.at\/index.php?rest_route=%2Fwp%2Fv2%2Fcategories&post=41990"},{"taxonomy":"post_tag","embeddable":true,"href":"https:\/\/salon21.univie.ac.at\/index.php?rest_route=%2Fwp%2Fv2%2Ftags&post=41990"}],"curies":[{"name":"wp","href":"https:\/\/api.w.org\/{rel}","templated":true}]}}