{"id":4595,"date":"2010-09-27T16:52:53","date_gmt":"2010-09-27T14:52:53","guid":{"rendered":"http:\/\/www.univie.ac.at\/Geschichte\/salon21\/?p=4595"},"modified":"2022-05-19T16:17:00","modified_gmt":"2022-05-19T16:17:00","slug":"buchprasentation-presentazione-libro-elissa-mailander-koslov-ss-aufseherinnen-im-kz-majdanek-30092010-bozenbolzano","status":"publish","type":"post","link":"https:\/\/salon21.univie.ac.at\/?p=4595","title":{"rendered":"Buchpr\u00e4sentation \/ Presentazione Libro: Elissa Mail\u00e4nder Koslov: \u201cSS-Aufseherinnen im KZ-Majdanek\u201c, 30.09.2010, Bozen\/Bolzano"},"content":{"rendered":"<p><strong>Frauenarchiv Bozen\/Archivio storico delle donne <\/strong><a href=\"http:\/\/www.frauenarchiv.bz.it\" target=\"_blank\" rel=\"noopener\">(Web).<\/a><strong> Pr\u00e4sentation presentazione libro von und mit \/ di e con Elissa Mail\u00e4nder Koslov<\/strong><br \/>\nWann\/Quando: Do. 30.09.2010, 18:30 Uhr\/ore<br \/>\nWo\/Dove: Frauenarchiv Bozen Pfarrplatz\/BolzanoPiazza Parrocchia 15<br \/>\n&#8211; &#8211;<br \/>\n<strong>Gewalt im Dienstalltag: Die SS-Aufseherinnen des Konzentrations- und Vernichtungslagers Majdanek (1942\u20131944), Hamburg 2009.<\/strong><br \/>\nMajadanek \u2013 eines der Konzentrations- und Vernichtungslager des Dritten Reiches, ein Ort der Gewalt und des Terrors, aber auch ein Ort des Arbeitsalltags f\u00fcr die Aufseher und Aufseherinnen, die hier ihren Dienst taten. Die Autorin richtet ihren Blick auf die zum \u00fcberwiegenden Teil um 1920 geborenen, meist unverheirateten Frauen, die in Majdanek Aufseherinnen und als solche zwar Befehlsempf\u00e4ngerinnen waren, aber gleichzeitig \u00fcber Handlungsspielr\u00e4ume verf\u00fcgten, von denen sie auch Gebrauch machten.<br \/>\nDas Lager als Arbeitsplatz bedeutete die Allgegenwart von Terror, Tod und Vernichtung. Die Autorin geht auch der Frage nach, mit welchen Verarbeitungsstrategien die Aufseherinnen <!--more-->auf ihre spezifischen Arbeits- und Gewaltpraktiken reagierten und welche soziokulturellen Dynamiken diesen Ort pr\u00e4gten.<br \/>\nDiese Arbeit von Mail\u00e4nder Koslov wurde 2008 mit dem Herbert Steiner-Preis ausgezeichnet.<br \/>\nElissa Mail\u00e4nder Koslov stammt aus Meran und studierte Literaturwissenschaft und Zeitgeschichte in Wien, Paris und Erfurt. Ihre Arbeitsschwerpunkte sind T\u00e4terInnen- und Gewaltforschung sowie Alltags- und Geschlechtergeschichte. Sie war Visiting Fellow am Center for advanced Holocaust Studies im Holocaust Memorial Museum in Washington D.C. und wissenschaftliche Mitarbeiterin am Center for Interdisciplinary Memory Research am Kulturwissenschaftlichen Institut Essen. Derzeit lehrt sie als Fachlektorin des DAAD an der \u00c9cole des Hautes \u00c9tudes en Sciences Sociales in Paris und koordiniert am Centre Interdisciplinaire d\u2019\u00c9tudes et de Recherches sur l\u2019Allemagne ein Doktorandenprogramm.<br \/>\n&#8211; &#8211;<br \/>\n<strong><br \/>\nViolenza nel quotidiano: le guardie SS del campo di concentramento e di sterminio di Majdanek (1942\u20131944), Hamburg 2009.<\/strong><br \/>\nMajadanek \u2013 uno dei campi di concentramento e di sterminio del Terzo Reich, un luogo di violenza e di terrore, ma anche un luogo di lavoro quotidiano per le sorveglianti, che qui svolgevano il loro servizio.<br \/>\nL\u2019autrice volge il suo sguardo alle donne, in gran parte nate intorno al 1920 e in genere non sposate, che furono guardie a Majdanek e come tali erano destinatarie di ordini, ma contemporaneamente avevano a disposizione margini di azione, dei quali fecero anche uso.<br \/>\nIl campo come luogo di lavoro significava l\u2019onnipresenza di terrore, morte e annientamento. L\u2019autrice affronta anche la questione, con quali strategie di elaborazione le guardie reagirono alle loro specifiche pratiche di lavoro e violenza, e quali dinamiche socioculturali segnarono questo luogo.<br \/>\nQuesto lavoro di Koslov Mail\u00e4nder fu premiato nel 2008 con il Premio Herbert Steiner.<br \/>\nElissa Mail\u00e4nder Koslov \u00e8 originaria di Merano e ha studiato Lettere e Storia contemporanea a Vienna, Parigi e Erfurt. Temi centrali dei suoi studi sono la ricerca sulle colpevoli e la storia di genere e del quotidiano. \u00c8 stata Visiting Fellow al Center for advanced Holocaust Studies nel Holocaust Memorial Museum di Washington D.C. e collaboratrice scientifica al Center for Interdisciplinary Memory Research al Kulturwissenschaftliches Institut di Essen. Attualmente insegna come lettrice del DAAD alla \u00c9cole des Hautes \u00c9tudes en Sciences Sociales a Parigi e coordina un programma di dottorato al Centre Interdisciplinaire d\u2019\u00c9tudes et de Recherches sur l\u2019Allemagne.<\/p>\n","protected":false},"excerpt":{"rendered":"<p>Frauenarchiv Bozen\/Archivio storico delle donne (Web). Pr\u00e4sentation presentazione libro von und mit \/ di e con Elissa Mail\u00e4nder Koslov Wann\/Quando: Do. 30.09.2010, 18:30 Uhr\/ore Wo\/Dove: Frauenarchiv Bozen Pfarrplatz\/BolzanoPiazza Parrocchia 15 &#8211; &#8211; Gewalt im Dienstalltag: Die SS-Aufseherinnen des Konzentrations- und Vernichtungslagers Majdanek (1942\u20131944), Hamburg 2009. Majadanek \u2013 eines der Konzentrations- und Vernichtungslager des Dritten Reiches, [&hellip;]<\/p>\n","protected":false},"author":4,"featured_media":0,"comment_status":"open","ping_status":"open","sticky":false,"template":"","format":"standard","meta":{"footnotes":""},"categories":[4],"tags":[],"class_list":["post-4595","post","type-post","status-publish","format-standard","hentry","category-events"],"_links":{"self":[{"href":"https:\/\/salon21.univie.ac.at\/index.php?rest_route=\/wp\/v2\/posts\/4595","targetHints":{"allow":["GET"]}}],"collection":[{"href":"https:\/\/salon21.univie.ac.at\/index.php?rest_route=\/wp\/v2\/posts"}],"about":[{"href":"https:\/\/salon21.univie.ac.at\/index.php?rest_route=\/wp\/v2\/types\/post"}],"author":[{"embeddable":true,"href":"https:\/\/salon21.univie.ac.at\/index.php?rest_route=\/wp\/v2\/users\/4"}],"replies":[{"embeddable":true,"href":"https:\/\/salon21.univie.ac.at\/index.php?rest_route=%2Fwp%2Fv2%2Fcomments&post=4595"}],"version-history":[{"count":1,"href":"https:\/\/salon21.univie.ac.at\/index.php?rest_route=\/wp\/v2\/posts\/4595\/revisions"}],"predecessor-version":[{"id":61778,"href":"https:\/\/salon21.univie.ac.at\/index.php?rest_route=\/wp\/v2\/posts\/4595\/revisions\/61778"}],"wp:attachment":[{"href":"https:\/\/salon21.univie.ac.at\/index.php?rest_route=%2Fwp%2Fv2%2Fmedia&parent=4595"}],"wp:term":[{"taxonomy":"category","embeddable":true,"href":"https:\/\/salon21.univie.ac.at\/index.php?rest_route=%2Fwp%2Fv2%2Fcategories&post=4595"},{"taxonomy":"post_tag","embeddable":true,"href":"https:\/\/salon21.univie.ac.at\/index.php?rest_route=%2Fwp%2Fv2%2Ftags&post=4595"}],"curies":[{"name":"wp","href":"https:\/\/api.w.org\/{rel}","templated":true}]}}