{"id":4971,"date":"2010-11-15T13:00:25","date_gmt":"2010-11-15T11:00:25","guid":{"rendered":"http:\/\/www.univie.ac.at\/Geschichte\/salon21\/?p=4971"},"modified":"2022-05-19T16:16:05","modified_gmt":"2022-05-19T16:16:05","slug":"cfp-vortragsreihe-kunst-forschung-geschlecht-im-studienjahr-201112-universitat-fur-angewandte-kunst-wien","status":"publish","type":"post","link":"https:\/\/salon21.univie.ac.at\/?p=4971","title":{"rendered":"CfP: Vortragsreihe &#8222;Kunst \u2013 Forschung \u2013 Geschlecht&#8220; im Studienjahr 2011\/12, Universit\u00e4t f\u00fcr angewandte Kunst Wien"},"content":{"rendered":"<p><strong>Vortragsreihe der Koordinationsstelle f\u00fcr Genderfragen und des Arbeitskreises f\u00fcr Gleichbehandlungsfragen der Universit\u00e4t f\u00fcr angewandte Kunst Wien<\/p>\n<p><\/strong>Zeit: Studienjahr 2011\/2012<br \/>\nOrt: Universit\u00e4t f\u00fcr angewandte Kunst Wien, Oskar-Kokoschka-Platz 2, 1010 Wien<br \/>\n<strong>Frist f\u00fcr Einreichungen:\u00a01. M\u00e4rz 2011<br \/>\n<\/strong>per Mail an die Koordinationsstelle f\u00fcr Genderfragen <a href=\"mailto:kostelle@uni-ak.ac.at\">kostelle@uni-ak.ac.at<\/a>\u00a0<br \/>\nEinreichungen (Deutsch oder Englisch) inklusive\u00a0Arbeitstitel,\u00a0Abstract (300 W\u00f6rter),\u00a0Kurzbiografie,\u00a0vollst\u00e4ndige Kontaktdaten<br \/>\nDetails\/Information: <a href=\"http:\/\/gender.dieangewandte.at\" target=\"_blank\" rel=\"noopener\">Koordinationsstelle f\u00fcr Genderfragen, Angewandte\u00a0<\/a><\/p>\n<p><strong>Thema: &#8222;Geschlechterpolitik in der Kunst \u2013 Feminism revisited&#8220;<br \/>\n<\/strong>Die k\u00fcnstlerische Auseinandersetzung mit der Kategorie &#8222;Geschlecht&#8220; w\u00e4hrt seit den\u00a01960er Jahren und hat in ihrer Geschichte verschiedene Stadien und Transformationen durchlaufen. Waren die fr\u00fchen spektakul\u00e4ren Arbeiten der 1960er und 1970er Jahre zwar mit heterogenen Strategien und Zielsetzungen, doch einem dezidiert feministischem Selbstverst\u00e4ndnis verbunden, so setzte in den 1980er Jahren eine Wende zur psychoanalytisch inspirierten Dekonstruktion ein. In den 1990er Jahren wurden aufgrund des digitalen Raumes neue Hoffnungen auf die konstruktiven Potenziale der Kategorie &#8222;Gender&#8220; gerichtet.<br \/>\n<!--more--><br \/>\nHeute sind die Anf\u00e4nge der feministischen Kunst bereits historisch geworden, was sich auch in ihrer produktiven Rezeption durch die j\u00fcngere Generation von K\u00fcnstlerInnen und WissenschaftlerInnen manifestiert. Doch die in den letzten 50 Jahren aufgeworfenen Fragen bleiben virulent: Was ist (geschlechtliche) Identit\u00e4t? Welche Rolle spielt der K\u00f6rper? Wie k\u00f6nnen sexistische Zuschreibungen, Gewalt und Diskriminierung \u00fcberwunden werden? Die Vortragsreihe richtet den Blick auf die Gegenwartskunst in ihren unterschiedlichen Medien und geht der Frage nach, welche geschlechterpolitischen Strategien K\u00fcnstlerinnen und K\u00fcnstler heute entwickeln.<\/p>\n<p>\u00dcber die Vortragsreihe:<br \/>\nDie Vortragsreihe &#8222;Kunst \u2013 Forschung \u2013 Geschlecht&#8220; ist die Weiterf\u00fchrung und Neuausrichtung der Reihe &#8222;gender studies @ project space&#8220; der Angewandten. Sie wird als Teil einer Lehrveranstaltung im Rahmen verschiedener Studienrichtungen im Studienjahr 2011\/12 an der Universit\u00e4t f\u00fcr angewandte Kunst Wien stattfinden.<\/p>\n<p>Wir laden WissenschafterInnen und K\u00fcnstlerInnen aller Disziplinen ein, ihre Perspektive zu obigen Fragestellungen vorzustellen. Insbesondere m\u00f6chten wir NachwuchswissenschafterInnen auffordern, Abstracts einzureichen \u2013 zum Beispiel aus dem Bereich ihrer Dissertation. Vortragende erhalten ein Honorar von 300 Euro, Reisekosten werden \u00fcbernommen. Die Publikation der Beitr\u00e4ge ist geplant.<\/p>\n<p>Die Vortr\u00e4ge finden w\u00e4hrend des Semesters jeden 3. Mittwoch im Monat an der Angewandten statt. Die Dauer des Vortrages ist mit 45 bis maximal 60 Minuten angesetzt. Daran schlie\u00dft die Diskussion an.<\/p>\n","protected":false},"excerpt":{"rendered":"<p>Vortragsreihe der Koordinationsstelle f\u00fcr Genderfragen und des Arbeitskreises f\u00fcr Gleichbehandlungsfragen der Universit\u00e4t f\u00fcr angewandte Kunst Wien Zeit: Studienjahr 2011\/2012 Ort: Universit\u00e4t f\u00fcr angewandte Kunst Wien, Oskar-Kokoschka-Platz 2, 1010 Wien Frist f\u00fcr Einreichungen:\u00a01. M\u00e4rz 2011 per Mail an die Koordinationsstelle f\u00fcr Genderfragen kostelle@uni-ak.ac.at\u00a0 Einreichungen (Deutsch oder Englisch) inklusive\u00a0Arbeitstitel,\u00a0Abstract (300 W\u00f6rter),\u00a0Kurzbiografie,\u00a0vollst\u00e4ndige Kontaktdaten Details\/Information: Koordinationsstelle f\u00fcr Genderfragen, Angewandte\u00a0 [&hellip;]<\/p>\n","protected":false},"author":4,"featured_media":0,"comment_status":"open","ping_status":"open","sticky":false,"template":"","format":"standard","meta":{"footnotes":""},"categories":[3],"tags":[],"class_list":["post-4971","post","type-post","status-publish","format-standard","hentry","category-calls-for-papers"],"_links":{"self":[{"href":"https:\/\/salon21.univie.ac.at\/index.php?rest_route=\/wp\/v2\/posts\/4971","targetHints":{"allow":["GET"]}}],"collection":[{"href":"https:\/\/salon21.univie.ac.at\/index.php?rest_route=\/wp\/v2\/posts"}],"about":[{"href":"https:\/\/salon21.univie.ac.at\/index.php?rest_route=\/wp\/v2\/types\/post"}],"author":[{"embeddable":true,"href":"https:\/\/salon21.univie.ac.at\/index.php?rest_route=\/wp\/v2\/users\/4"}],"replies":[{"embeddable":true,"href":"https:\/\/salon21.univie.ac.at\/index.php?rest_route=%2Fwp%2Fv2%2Fcomments&post=4971"}],"version-history":[{"count":1,"href":"https:\/\/salon21.univie.ac.at\/index.php?rest_route=\/wp\/v2\/posts\/4971\/revisions"}],"predecessor-version":[{"id":61732,"href":"https:\/\/salon21.univie.ac.at\/index.php?rest_route=\/wp\/v2\/posts\/4971\/revisions\/61732"}],"wp:attachment":[{"href":"https:\/\/salon21.univie.ac.at\/index.php?rest_route=%2Fwp%2Fv2%2Fmedia&parent=4971"}],"wp:term":[{"taxonomy":"category","embeddable":true,"href":"https:\/\/salon21.univie.ac.at\/index.php?rest_route=%2Fwp%2Fv2%2Fcategories&post=4971"},{"taxonomy":"post_tag","embeddable":true,"href":"https:\/\/salon21.univie.ac.at\/index.php?rest_route=%2Fwp%2Fv2%2Ftags&post=4971"}],"curies":[{"name":"wp","href":"https:\/\/api.w.org\/{rel}","templated":true}]}}