{"id":50161,"date":"2021-07-27T02:44:47","date_gmt":"2021-07-27T00:44:47","guid":{"rendered":"https:\/\/www.univie.ac.at\/Geschichte\/salon21\/?p=50161"},"modified":"2022-05-19T15:52:35","modified_gmt":"2022-05-19T15:52:35","slug":"klicktipp-brigitte-pellar-kaethe-leichter-eine-stimme-fuer-frauen-podcast","status":"publish","type":"post","link":"https:\/\/salon21.univie.ac.at\/?p=50161","title":{"rendered":"Klicktipp: Sandra Knopp und Brigitte Pellar: K\u00e4the Leichter &#8211; Eine Stimme f\u00fcr Frauen (Podcast-Folgen)"},"content":{"rendered":"<p><strong><a href=\"https:\/\/salon21.univie.ac.at\/wp-content\/uploads\/kaethe-leichter-mit-familie-578x400-1.jpg\"><img loading=\"lazy\" decoding=\"async\" class=\"alignleft wp-image-50162 size-thumbnail\" title=\"K\u00e4the Leichter mit Familie - via Podcast\" src=\"https:\/\/salon21.univie.ac.at\/wp-content\/uploads\/kaethe-leichter-mit-familie-578x400-1-150x150.jpg\" alt=\"\" width=\"150\" height=\"150\" \/><\/a>Radio Orange; Sendung \u201eHocknkabinett. Das Magazin f\u00fcr Arbeit und Alltag\u201c von Sandra Knopp<\/strong> <a href=\"https:\/\/cba.fro.at\/460685\" target=\"_blank\" rel=\"noopener\">(Web)<\/a><\/p>\n<p>Die zweiteilige Sendung von Sandra Knopp stellt die Lebensgeschichte von K\u00e4the Leichter in den Fokus.<\/p>\n<p>K\u00e4the Leichter war Sozialwissenschaftlerin, Gewerkschafterin und die erste Frauenreferentin der Arbeiter:innenkammer in Wien. Mit ihren ber\u00fchmten Studien zeigte sie den Arbeitsalltag von Frauen in der Industriearbeit, der Heimarbeit und im h\u00e4uslichen Dienst auf.<\/p>\n<ul>\n<li><strong>K\u00e4the Leichter &#8211; Eine Stimme f\u00fcr Frauen #1<\/strong> <a href=\"https:\/\/cba.fro.at\/485577\" target=\"_blank\" rel=\"noopener\">(Web)<\/a><\/li>\n<\/ul>\n<p>K\u00e4the Leichter wurde im Mai 1938 von der Gestapo verhaftet. Im Gef\u00e4ngnis schrieb sie ihre Lebenserinnerungen nieder, eine Freundin konnte sie aus der Haft schmuggeln. In der Sendung werden einige Passagen daraus vorgelesen. Durch dieses autobiografische Dokument wird deutlich, was K\u00e4the Leichter gepr\u00e4gt hat und wie sie sich f\u00fcr andere einsetzte. Die Historikerin Brigitte Pellar hat die Textstellen ausgew\u00e4hlt und erz\u00e4hlt, was sie an K\u00e4the Leichter fasziniert.<\/p>\n<ul>\n<li><strong>K\u00e4the Leichter &#8211; Eine Stimme f\u00fcr Frauen #2<\/strong> <a href=\"https:\/\/cba.fro.at\/485582\" target=\"_blank\" rel=\"noopener\">(Web)<\/a><\/li>\n<\/ul>\n<p>Im zweiten Teil sprechen Sandra Knopp und Brigitte Pellar dar\u00fcber, wie K\u00e4the Leichter als Mensch gewesen sein k\u00f6nnte. Wie hat sie die Zeit der Diktaturen erlebt? Ihr Ehemann war mit den Kindern 1938 gleich nach dem Anschluss von \u00d6sterreich an Hitler-Deutschland ins Ausland gegangen. Sie selbst bereitete sich lange auf ihre legale Ausreise vor. Dabei wurde sie verraten, kam in Gefangenschaft und wurde schlie\u00dflich ermordet.<\/p>\n<p><strong>\u201eHocknkabinett. Das Magazin f\u00fcr Arbeit und Alltag\u201c<\/strong><\/p>\n<p>Beschreibung: &#8222;Die Sendung &#8218;Hocknkabinett&#8216; von Sandra Knopp und Stefan Wolfinger dreht sich um die &#8218;Hockn&#8216;, Wienerisch f\u00fcr &#8218;Arbeit&#8216; \u2013 und um alles, was dazugeh\u00f6rt: Alltagsleben, Familie, Freizeit.<\/p>\n<p>Gebracht werden neben Ausfl\u00fcge in die Vergangenheiten \u2013 etwa zu verschwundenen Berufen oder historischen Akteur:innen auch Tipps und Infos zu Arbeitsrecht, Steuer, Sozialversicherung; aktuelle Studien zur Situation von Besch\u00e4ftigten; Tipps, Tests und kritische Analysen f\u00fcr Konsument_Innen; und nicht zuletzt Kulturbeitr\u00e4ge und gute Musik&#8220;.<\/p>\n","protected":false},"excerpt":{"rendered":"<p>Radio Orange; Sendung \u201eHocknkabinett. Das Magazin f\u00fcr Arbeit und Alltag\u201c von Sandra Knopp (Web) Die zweiteilige Sendung von Sandra Knopp stellt die Lebensgeschichte von K\u00e4the Leichter in den Fokus. K\u00e4the Leichter war Sozialwissenschaftlerin, Gewerkschafterin und die erste Frauenreferentin der Arbeiter:innenkammer in Wien. Mit ihren ber\u00fchmten Studien zeigte sie den Arbeitsalltag von Frauen in der Industriearbeit, [&hellip;]<\/p>\n","protected":false},"author":4,"featured_media":0,"comment_status":"closed","ping_status":"closed","sticky":false,"template":"","format":"standard","meta":{"footnotes":""},"categories":[22],"tags":[],"class_list":["post-50161","post","type-post","status-publish","format-standard","hentry","category-podcasts"],"_links":{"self":[{"href":"https:\/\/salon21.univie.ac.at\/index.php?rest_route=\/wp\/v2\/posts\/50161","targetHints":{"allow":["GET"]}}],"collection":[{"href":"https:\/\/salon21.univie.ac.at\/index.php?rest_route=\/wp\/v2\/posts"}],"about":[{"href":"https:\/\/salon21.univie.ac.at\/index.php?rest_route=\/wp\/v2\/types\/post"}],"author":[{"embeddable":true,"href":"https:\/\/salon21.univie.ac.at\/index.php?rest_route=\/wp\/v2\/users\/4"}],"replies":[{"embeddable":true,"href":"https:\/\/salon21.univie.ac.at\/index.php?rest_route=%2Fwp%2Fv2%2Fcomments&post=50161"}],"version-history":[{"count":1,"href":"https:\/\/salon21.univie.ac.at\/index.php?rest_route=\/wp\/v2\/posts\/50161\/revisions"}],"predecessor-version":[{"id":55395,"href":"https:\/\/salon21.univie.ac.at\/index.php?rest_route=\/wp\/v2\/posts\/50161\/revisions\/55395"}],"wp:attachment":[{"href":"https:\/\/salon21.univie.ac.at\/index.php?rest_route=%2Fwp%2Fv2%2Fmedia&parent=50161"}],"wp:term":[{"taxonomy":"category","embeddable":true,"href":"https:\/\/salon21.univie.ac.at\/index.php?rest_route=%2Fwp%2Fv2%2Fcategories&post=50161"},{"taxonomy":"post_tag","embeddable":true,"href":"https:\/\/salon21.univie.ac.at\/index.php?rest_route=%2Fwp%2Fv2%2Ftags&post=50161"}],"curies":[{"name":"wp","href":"https:\/\/api.w.org\/{rel}","templated":true}]}}