{"id":52184,"date":"2021-11-30T02:36:59","date_gmt":"2021-11-30T01:36:59","guid":{"rendered":"https:\/\/www.univie.ac.at\/Geschichte\/salon21\/?p=52184"},"modified":"2022-05-19T15:52:04","modified_gmt":"2022-05-19T15:52:04","slug":"cfp-was-ist-radikal-revolutionaere-konzepte-und-militante-strategien-im-kontext-von-feminismus-und-arbeiterinnenbewegung-zs-oezg-2-2024-bis-30-04-2022","status":"publish","type":"post","link":"https:\/\/salon21.univie.ac.at\/?p=52184","title":{"rendered":"CfP: Was ist radikal? &#8211; Revolution\u00e4re Konzepte und militante Strategien im Kontext von Feminismus und Arbeiter:innenbewegung (ZS OeZG 2\/2024); bis: 30.04.2022"},"content":{"rendered":"<p><strong>\u00d6sterreichische Zeitschrift f\u00fcr Geschichtswissenschaften (OeZG)<\/strong>; <strong><span id=\"page26R_mcid6\" class=\"markedContent\"><span dir=\"ltr\" role=\"presentation\">Theresa Adamski<\/span> <span dir=\"ltr\" role=\"presentation\">und Gabriella Hauch<\/span><\/span><\/strong> <a href=\"https:\/\/journals.univie.ac.at\/index.php\/oezg\/issue\/archive\" target=\"_blank\" rel=\"noopener\">(Web)<\/a><\/p>\n<p>Einreichfrist: 30.04.2022<\/p>\n<p>Am 29. Oktober 2021 fand der 15. Workshop des &#8222;Forschungsschwerpunkts Frauen- und Geschlechtergeschichte der Historisch-Kulturwissenschaftlichen Fakult\u00e4t der Universit\u00e4t Wien&#8220; zum Thema &#8222;Was ist radikal? &#8211; Revolution\u00e4re Konzepte und militante Strategien im Kontext von Feminismus und Arbeiter:innenbewegung&#8220; statt <a href=\"https:\/\/salon21.univie.ac.at\/?p=51363\" target=\"_blank\" rel=\"noopener\">(Link)<\/a>. Die Fragen, die im Rahmen des Workshops aufgeworfen und diskutiert wurden, dienen als Ausgangsbasis f\u00fcr den inhaltlichen Fokus der Ausgabe. Ein kritischer Umgang mit begrifflichen Kontrastpaare wie radikal\/konservativ, modern\/traditionell oder progressiv\/reaktion\u00e4r, die Einbettung von Radikalit\u00e4tskonzepten in den Rahmen postkolonialer K\u00e4mpfe und ein Fokus auf Intersektionalit\u00e4t z\u00e4hlten zu den Forschungsdesideraten, die die Diskussion begleiteten.<\/p>\n<p>&#8222;Radikal sein&#8220; war und ist einerseits Selbstidentifikation und Ausdruck politischer Haltung. Andererseits dient der Radikalit\u00e4tsbegriff als Projektionsfl\u00e4che f\u00fcr Normierungsprozesse und Ausschlussmechanismen sowie politische, soziale und religi\u00f6se K\u00e4mpfe. In den 1880ern agierte etwa die &#8222;Radikale Arbeiter-Partei&#8220; als antiparlamentarischer Fl\u00fcgel der \u00f6sterreichischen Sozialdemokratie. Das &#8222;radikal&#8220; im Namen der Organisation hie\u00df \u2014 in Abgrenzung zu reformorientierten Str\u00f6mungen innerhalb der Arbeiter:innenbewegung \u2013 vor allem &#8222;revolution\u00e4r&#8220;. Auch die militanten Suffragetten in Gro\u00dfbritannien und den USA zielten auf grundlegende gesellschaftliche Ver\u00e4nderungen. Ihre Forderungen polarisierten: Laut der \u00f6sterreichischen Arbeiterinnenzeitung 1913 etwa h\u00e4tten die Proletarierinnen nichts von den Suffragetten zu erwarten, auch wenn letztere sich &#8222;noch so radikal geb\u00e4rden&#8220;. Dennoch erhielten sie durchaus auch aus marxistischen und anarchistischen Kreisen Anerkennung f\u00fcr ihre &#8222;direkte Aktion&#8220;. Zuschreibungen des Radikalen fanden hier explizit entlang der Differenzkategorien Klasse und Geschlecht statt.<\/p>\n<p>Radikalit\u00e4tsbegriffe dienen aber auch als diskursive Marker f\u00fcr race und Religion, f\u00fcr Dis\/Ability, Sexualit\u00e4t und Geschlechteridentit\u00e4ten. Der &#8222;radikale Feminismus&#8220; der 1970er etwa ist aufgrund der transfeindlichen Positionen mancher seiner Vertreter_innen (den im englischsprachigen Raum sogenannten &#8222;trans exclusionary radical feminists&#8220;) bis heute Gegenstand queer-feministischer Kritik. Aufgrund der Heterogenit\u00e4t jener Orte, wo Radikalit\u00e4t ausgehandelt wird, muss einmal mehr die Frage gestellt werden: Was ist radikal? <a href=\"https:\/\/salon21.univie.ac.at\/wp-content\/uploads\/CfP_OeZG_Wasistradikal.pdf\" target=\"_blank\" rel=\"noopener\">Weiterlesen &#8230; (PDF).<\/a><\/p>\n","protected":false},"excerpt":{"rendered":"<p>\u00d6sterreichische Zeitschrift f\u00fcr Geschichtswissenschaften (OeZG); Theresa Adamski und Gabriella Hauch (Web) Einreichfrist: 30.04.2022 Am 29. Oktober 2021 fand der 15. Workshop des &#8222;Forschungsschwerpunkts Frauen- und Geschlechtergeschichte der Historisch-Kulturwissenschaftlichen Fakult\u00e4t der Universit\u00e4t Wien&#8220; zum Thema &#8222;Was ist radikal? &#8211; Revolution\u00e4re Konzepte und militante Strategien im Kontext von Feminismus und Arbeiter:innenbewegung&#8220; statt (Link). Die Fragen, die im [&hellip;]<\/p>\n","protected":false},"author":4,"featured_media":0,"comment_status":"closed","ping_status":"closed","sticky":false,"template":"","format":"standard","meta":{"footnotes":""},"categories":[3,18,17,16,7,11],"tags":[],"class_list":["post-52184","post","type-post","status-publish","format-standard","hentry","category-calls-for-papers","category-1-weltkrieg","category-topic_100-jahre-frauenwahlrecht","category-topic_1968","category-history-of-european-womens-movements","category-topic_lgbtiq-flit"],"_links":{"self":[{"href":"https:\/\/salon21.univie.ac.at\/index.php?rest_route=\/wp\/v2\/posts\/52184","targetHints":{"allow":["GET"]}}],"collection":[{"href":"https:\/\/salon21.univie.ac.at\/index.php?rest_route=\/wp\/v2\/posts"}],"about":[{"href":"https:\/\/salon21.univie.ac.at\/index.php?rest_route=\/wp\/v2\/types\/post"}],"author":[{"embeddable":true,"href":"https:\/\/salon21.univie.ac.at\/index.php?rest_route=\/wp\/v2\/users\/4"}],"replies":[{"embeddable":true,"href":"https:\/\/salon21.univie.ac.at\/index.php?rest_route=%2Fwp%2Fv2%2Fcomments&post=52184"}],"version-history":[{"count":1,"href":"https:\/\/salon21.univie.ac.at\/index.php?rest_route=\/wp\/v2\/posts\/52184\/revisions"}],"predecessor-version":[{"id":55187,"href":"https:\/\/salon21.univie.ac.at\/index.php?rest_route=\/wp\/v2\/posts\/52184\/revisions\/55187"}],"wp:attachment":[{"href":"https:\/\/salon21.univie.ac.at\/index.php?rest_route=%2Fwp%2Fv2%2Fmedia&parent=52184"}],"wp:term":[{"taxonomy":"category","embeddable":true,"href":"https:\/\/salon21.univie.ac.at\/index.php?rest_route=%2Fwp%2Fv2%2Fcategories&post=52184"},{"taxonomy":"post_tag","embeddable":true,"href":"https:\/\/salon21.univie.ac.at\/index.php?rest_route=%2Fwp%2Fv2%2Ftags&post=52184"}],"curies":[{"name":"wp","href":"https:\/\/api.w.org\/{rel}","templated":true}]}}