{"id":53592,"date":"2022-02-21T04:04:51","date_gmt":"2022-02-21T03:04:51","guid":{"rendered":"https:\/\/www.univie.ac.at\/Geschichte\/salon21\/?p=53592"},"modified":"2022-05-19T15:51:36","modified_gmt":"2022-05-19T15:51:36","slug":"unverschaemt-thementage-gegen-sexistische-rollenzuschreibungen-und-fuer-koerperliche-selbstbestimmung-von-frauen-maedchen-und-queers-18-19-03-2022-wien","status":"publish","type":"post","link":"https:\/\/salon21.univie.ac.at\/?p=53592","title":{"rendered":"UNVERSCH\u00c4MT! Thementage gegen sexistische Rollenzuschreibungen und f\u00fcr k\u00f6rperliche Selbstbestimmung von Frauen*, M\u00e4dchen* und Queers, 18.-19.03.2022, Wien"},"content":{"rendered":"<p><strong><a href=\"https:\/\/salon21.univie.ac.at\/wp-content\/uploads\/Vor-Schand-und-Noth-gerettet-c-Carolina-Frank_MG_0588.jpg\"><img loading=\"lazy\" decoding=\"async\" class=\"alignleft wp-image-53613 size-thumbnail\" title=\"Foto: Verh\u00fctungskoffer &quot;Deluxe&quot;, \u00d6sterreichische Gesellschaft f\u00fcr Familienplanung, (c) Carolina Frank - via Website\" src=\"https:\/\/salon21.univie.ac.at\/wp-content\/uploads\/Vor-Schand-und-Noth-gerettet-c-Carolina-Frank_MG_0588-150x150.jpg\" alt=\"\" width=\"150\" height=\"150\" \/><\/a>Bezirksmuseum Josefstadt; Maria Ettl (Museum), Anna Jungmayr (Projektleitung), Alina Strmljan, Corinna Beran und Olivia Schlatzer<\/strong> <a href=\"https:\/\/www.bezirksmuseum.at\/de\/veranstaltungskalender\/?news=2722\" target=\"_blank\" rel=\"noopener\">(Web)<\/a><br \/>\nZeit: 18.-19.03.2022; 30.03.2022<br \/>\nOrt: Bezirksmuseum Josefstadt, Schmidg. 18, 1080 Wien<br \/>\nIm Bezirksmuseum Josefstadt ist noch bis 30. M\u00e4rz 2022 die Ausstellung &#8222;&#8230;Vor Schand und Noth gerettet\u00ab?! Findelhaus, Geb\u00e4ranstalt und die Matriken der Alser Vorstadt&#8220; zu sehen. Sie besch\u00e4ftigt sich mit (fehlender) k\u00f6rperlicher und sexueller Selbstbestimmung von Frauen ab dem 18. Jhd. und endet mit einer \u00dcbersicht aktueller feministischer Organisationen, die sich f\u00fcr reproduktive Gerechtigkeit einsetzen.<br \/>\nAnschlie\u00dfend an diese Themen findet ein umfangreiches Veranstaltungsprogramm statt, das sich mit den Themen Stigmatisierung und &#8222;Scham&#8220; aus historischer und aktueller feministischer Perspektive auseinandersetzt, neue Geschichte schreibt und mehr Unversch\u00e4mtheiten wagt.<br \/>\n<strong>Thementage UNVERSCH\u00c4MT!<br \/>\n<\/strong><\/p>\n<ul>\n<li>Ausf\u00fchrliches Programm und Anmeldung <a href=\"https:\/\/www.bezirksmuseum.at\/de\/veranstaltungskalender\/?news=2722\" target=\"_blank\" rel=\"noopener\">(Web)<\/a><\/li>\n<li>Programm-\u00dcberblick <a href=\"https:\/\/salon21.univie.ac.at\/wp-content\/uploads\/Unverschaemt_Flyer.pdf\" target=\"_blank\" rel=\"noopener\">(als PDF)<\/a><\/li>\n<\/ul>\n<p><strong>18.03.2022<\/strong><\/p>\n<ul>\n<li>14:00 Uhr: Unter anderen Umst\u00e4nden &#8211; Frauen*Spaziergang mit Petra Unger <a href=\"https:\/\/app.guestoo.de\/public\/event\/1773a41c-ae66-4a62-8536-520087c2e635\">(Web)<\/a><\/li>\n<li>18:00 Uhr: Fakten, Feelings, Feminismus &#8211; Das unversch\u00e4mte Quiz <a href=\"https:\/\/app.guestoo.de\/public\/event\/00927dd8-3ea4-4f05-9613-96911d3b9316\">(Web)<\/a><\/li>\n<\/ul>\n<p><strong>19.03.2022<\/strong><\/p>\n<ul>\n<li>11:00 Uhr: Seit mehr als 111 Jahren &#8211; Stadterkundung mit Alina Strmljan und Anna Jungmayr <a href=\"https:\/\/app.guestoo.de\/public\/event\/28394f65-6691-4ba5-997a-fb216108fb08\">(Web)<\/a><\/li>\n<li>14:30 Uhr: Her*Story \u2013 Das exklusive Ausstellungserlebnis <a href=\"https:\/\/app.guestoo.de\/public\/event\/ab194cea-1ffc-4087-bcaa-9417160b3933\">(Web)<\/a><\/li>\n<li><strong>\u00a0<\/strong>17:00 Uhr: Poetry Slam Workshop (f\u00fcr FLINTA*) mit MYLF \u2013 Yasmo und Mieze Medusa <a href=\"https:\/\/app.guestoo.de\/public\/event\/c690cef2-66b9-497e-8a24-22e1fd516075\">(Web)<\/a><\/li>\n<li>20:00 Uhr: Poetry Slam Show mit MYLF<a href=\"https:\/\/app.guestoo.de\/public\/event\/1628a3b2-903e-4f48-bb33-6f138ae7c957\"> (Web)<\/a><\/li>\n<\/ul>\n<p><strong>Finissage \u00bb&#8230;Vor Schand und Noth gerettet\u00ab?!<\/strong><br \/>\nZeit: 30.03.2022<!--more--><br \/>\n<strong>Programm<\/strong><br \/>\nZur Finisage am 30.03.2022 ist das Museum ab 13.00 Uhr ge\u00f6ffnet. Bei Bedarf werden F\u00fchrungen angeboten.<br \/>\n<strong>16:30 Uhr: Erz\u00e4hlcaf\u00e9 \u201eGeburtsgeschichten\u201c<\/strong><br \/>\nin Kooperation mit der Dokumentation lebensgeschichtlicher Aufzeichnungen am Institut f\u00fcr Wirtschafts- und Sozialgeschichte der Universit\u00e4t Wien <a href=\"https:\/\/wirtschaftsgeschichte.univie.ac.at\/forschung\/doku-lebensgeschichten\/\" target=\"_blank\" rel=\"noopener\">(Web)<\/a><\/p>\n<ul>\n<li>Pers\u00f6nliche Erinnerungen, Erfahrungen und Erz\u00e4hlungen rund um das Thema Geburt<\/li>\n<li>Moderation: Sabine Bergthaler und Barbara Egger<\/li>\n<\/ul>\n<p>Anmeldung: per Mail an bm1080@bezirksmuseum.at<br \/>\n<strong>19:00 Uhr: Vortrag: Verena Pawlowsky: \u201eVor Schand und Noth gerettet\u201c?!<\/strong><br \/>\nDie Historikerin Verena Pawlowsky schildert in dem Vortrag die Funktionsweise des Wiener Findel- und Geb\u00e4rhauses im ausgehenden 18. und im 19. Jhd., als diese Doppelanstalt der Geburtsort einer gro\u00dfen Zahl von Kindern und eine zentrale Sozialeinrichtung f\u00fcr ledige M\u00fctter war. Der Anspruch, unehelich Kinder zu versorgen, wurde durch eine zum Teil exorbitant hohe Sterblichkeit konterkariert. Jene Kinder, die \u00fcberlebten, wuchsen bei Pflegefrauen unter oft \u00e4rmlichen Bedingungen auf. Noch heute sto\u00dfen Menschen, die sich mit der Geschichte ihrer Familie besch\u00e4ftigen, immer wieder auf das Wiener Findelhaus.<br \/>\n&#8211; &#8211;<br \/>\nKontakt: Maria Ettl und Anna Jungmayr f\u00fcr das Bezirksmuseum Josefstadt<br \/>\nAnna Jungmayr; Stabstelle Bezirksmuseen \/ Curatorial Fellow<br \/>\nMuseen der Stadt Wien\/Wien Museum<br \/>\n1040 Wien, Karlsplatz<br \/>\nE: anna.jungmayr@wienmuseum.at<br \/>\nT: +43 664 886 874 70<br \/>\nW: http:\/\/www.wienmuseum.at\/<\/p>\n","protected":false},"excerpt":{"rendered":"<p>Bezirksmuseum Josefstadt; Maria Ettl (Museum), Anna Jungmayr (Projektleitung), Alina Strmljan, Corinna Beran und Olivia Schlatzer (Web) Zeit: 18.-19.03.2022; 30.03.2022 Ort: Bezirksmuseum Josefstadt, Schmidg. 18, 1080 Wien Im Bezirksmuseum Josefstadt ist noch bis 30. M\u00e4rz 2022 die Ausstellung &#8222;&#8230;Vor Schand und Noth gerettet\u00ab?! Findelhaus, Geb\u00e4ranstalt und die Matriken der Alser Vorstadt&#8220; zu sehen. Sie besch\u00e4ftigt sich [&hellip;]<\/p>\n","protected":false},"author":4,"featured_media":0,"comment_status":"closed","ping_status":"closed","sticky":false,"template":"","format":"standard","meta":{"footnotes":""},"categories":[4,19,7,11,6],"tags":[],"class_list":["post-53592","post","type-post","status-publish","format-standard","hentry","category-events","category-catgory_praesentationen_ausstellungen","category-history-of-european-womens-movements","category-topic_lgbtiq-flit","category-topic_pflegecare"],"_links":{"self":[{"href":"https:\/\/salon21.univie.ac.at\/index.php?rest_route=\/wp\/v2\/posts\/53592","targetHints":{"allow":["GET"]}}],"collection":[{"href":"https:\/\/salon21.univie.ac.at\/index.php?rest_route=\/wp\/v2\/posts"}],"about":[{"href":"https:\/\/salon21.univie.ac.at\/index.php?rest_route=\/wp\/v2\/types\/post"}],"author":[{"embeddable":true,"href":"https:\/\/salon21.univie.ac.at\/index.php?rest_route=\/wp\/v2\/users\/4"}],"replies":[{"embeddable":true,"href":"https:\/\/salon21.univie.ac.at\/index.php?rest_route=%2Fwp%2Fv2%2Fcomments&post=53592"}],"version-history":[{"count":1,"href":"https:\/\/salon21.univie.ac.at\/index.php?rest_route=\/wp\/v2\/posts\/53592\/revisions"}],"predecessor-version":[{"id":55069,"href":"https:\/\/salon21.univie.ac.at\/index.php?rest_route=\/wp\/v2\/posts\/53592\/revisions\/55069"}],"wp:attachment":[{"href":"https:\/\/salon21.univie.ac.at\/index.php?rest_route=%2Fwp%2Fv2%2Fmedia&parent=53592"}],"wp:term":[{"taxonomy":"category","embeddable":true,"href":"https:\/\/salon21.univie.ac.at\/index.php?rest_route=%2Fwp%2Fv2%2Fcategories&post=53592"},{"taxonomy":"post_tag","embeddable":true,"href":"https:\/\/salon21.univie.ac.at\/index.php?rest_route=%2Fwp%2Fv2%2Ftags&post=53592"}],"curies":[{"name":"wp","href":"https:\/\/api.w.org\/{rel}","templated":true}]}}