{"id":54440,"date":"2022-04-22T02:32:32","date_gmt":"2022-04-22T00:32:32","guid":{"rendered":"https:\/\/www.univie.ac.at\/Geschichte\/salon21\/?p=54440"},"modified":"2022-05-19T15:51:30","modified_gmt":"2022-05-19T15:51:30","slug":"filmvorfuehrungen-ella-bergmann-michel-die-frau-mit-der-kinamo-19-21-05-2022-wien","status":"publish","type":"post","link":"https:\/\/salon21.univie.ac.at\/?p=54440","title":{"rendered":"Filmvorf\u00fchrungen: Ella Bergmann-Michel &#8211; Die Frau mit der Kinamo (Frankfurt am Main, 1931-1933), 19.-21.05.2022, Wien"},"content":{"rendered":"<p><strong><a href=\"https:\/\/salon21.univie.ac.at\/wp-content\/uploads\/0x841F79B99EF0EBD785F0DEA992D03AA0.jpeg\"><img loading=\"lazy\" decoding=\"async\" class=\"alignleft wp-image-54442 size-thumbnail\" title=\"via Website\" src=\"https:\/\/salon21.univie.ac.at\/wp-content\/uploads\/0x841F79B99EF0EBD785F0DEA992D03AA0-150x150.jpeg\" alt=\"\" width=\"150\" height=\"150\" \/><\/a>\u00d6sterreichisches Filmmuseum<\/strong>\u00a0<a href=\"https:\/\/www.filmmuseum.at\/jart\/prj3\/filmmuseum\/main.jart?rel=de&amp;content-id=1216720898687&amp;schienen_id=1642042220166\" target=\"_blank\" rel=\"noopener\">(Web)<\/a><br \/>\nZeit: 19.-21.05.2022<br \/>\nOrt: \u00d6sterreichisches Filmmuseum, Augustinerstr. 1, 1010 Wien<br \/>\nDie deutsche K\u00fcnstlerin Ella Bergmann-Michel (1895-1971) arbeitete mit konstruktivistischen Collagen und dem Medium Fotografie, bevor sie von 1931 bis 1933 einige wenige Filme drehte. Diese sind kostbare und innovative Dokumente der progressiven Atmosph\u00e4re in Deutschland am Ende der Weimarer Republik.<br \/>\nIn ihrer dokumentarisch-inszenierenden Perspektive verbinden sich formal\u00e4sthetisches Interesse an Licht und Schatten, an ungew\u00f6hnlichen Einstellungen, mit dem solidarischen Blick auf den sozialen und politischen Alltag w\u00e4hrend der Wirtschaftskrise. Ihre Praxis der unauff\u00e4lligen Beobachtung erm\u00f6glichte die neue kleine 35mm-Kinamo-Kamera mit Federaufzug, zu der ihr Joris Ivens geraten hatte und die es erlaubte, ohne Stativ zu drehen. Bergmann-Michels Arbeit stand im Zeichen der zeitgen\u00f6ssischen Avantgarde.<br \/>\nIm kommunalen Wohnungsbau der Stadt Frankfurt am Main realisierte f\u00fcr einige wenige Jahre der Bund &#8222;Das Neue Frankfurt&#8220; um den Stadtbaurat Ernst May das am Bauhaus erprobte funktionale Bauen und Gestalten. Die Zeitschrift &#8222;das neue frankfurt&#8220; war f\u00fcr dessen Programmatik ebenso bezeichnend wie die dort angesiedelte und von Ella Bergmann-Michel 1931 mitbegr\u00fcndete &#8222;Arbeitsgemeinschaft f\u00fcr neuen Film&#8220;, die sich als deutsche Ablegerin der &#8222;Internationalen Filmliga&#8220; verstand. Die Arbeitsgemeinschaft organisierte zahlreiche Veranstaltungen mit Filmen von L\u00e1szl\u00f3 Moholy-Nagy, Hans Richter, Joris Ivens, Alberto Cavalcanti, Dziga Vertov, Germaine Dulac und Albrecht Viktor Blum, bis sich &#8222;Das Neue Frankfurt&#8220; gleich zu Beginn des NS-Regimes aufl\u00f6sen musste. (Madeleine Bernstorff)<\/p>\n<ul>\n<li>Das konkrete Programm findet sich auf der Website unter &#8222;Programm&#8220; <a href=\"https:\/\/www.filmmuseum.at\/jart\/prj3\/filmmuseum\/main.jart?rel=de&amp;content-id=1216720898687&amp;schienen_id=1642042220166\" target=\"_blank\" rel=\"noopener\">(Web)<\/a><\/li>\n<\/ul>\n<p><strong>Begleitprogramm<\/strong><\/p>\n<ul>\n<li>Die Kuratorin und Autorin Madeleine Bernstorff wird die Filmvorf\u00fchrungen mit Einf\u00fchrungen begleiten.<\/li>\n<\/ul>\n","protected":false},"excerpt":{"rendered":"<p>\u00d6sterreichisches Filmmuseum\u00a0(Web) Zeit: 19.-21.05.2022 Ort: \u00d6sterreichisches Filmmuseum, Augustinerstr. 1, 1010 Wien Die deutsche K\u00fcnstlerin Ella Bergmann-Michel (1895-1971) arbeitete mit konstruktivistischen Collagen und dem Medium Fotografie, bevor sie von 1931 bis 1933 einige wenige Filme drehte. Diese sind kostbare und innovative Dokumente der progressiven Atmosph\u00e4re in Deutschland am Ende der Weimarer Republik. In ihrer dokumentarisch-inszenierenden Perspektive [&hellip;]<\/p>\n","protected":false},"author":4,"featured_media":0,"comment_status":"closed","ping_status":"closed","sticky":false,"template":"","format":"standard","meta":{"footnotes":""},"categories":[4],"tags":[],"class_list":["post-54440","post","type-post","status-publish","format-standard","hentry","category-events"],"_links":{"self":[{"href":"https:\/\/salon21.univie.ac.at\/index.php?rest_route=\/wp\/v2\/posts\/54440","targetHints":{"allow":["GET"]}}],"collection":[{"href":"https:\/\/salon21.univie.ac.at\/index.php?rest_route=\/wp\/v2\/posts"}],"about":[{"href":"https:\/\/salon21.univie.ac.at\/index.php?rest_route=\/wp\/v2\/types\/post"}],"author":[{"embeddable":true,"href":"https:\/\/salon21.univie.ac.at\/index.php?rest_route=\/wp\/v2\/users\/4"}],"replies":[{"embeddable":true,"href":"https:\/\/salon21.univie.ac.at\/index.php?rest_route=%2Fwp%2Fv2%2Fcomments&post=54440"}],"version-history":[{"count":1,"href":"https:\/\/salon21.univie.ac.at\/index.php?rest_route=\/wp\/v2\/posts\/54440\/revisions"}],"predecessor-version":[{"id":54967,"href":"https:\/\/salon21.univie.ac.at\/index.php?rest_route=\/wp\/v2\/posts\/54440\/revisions\/54967"}],"wp:attachment":[{"href":"https:\/\/salon21.univie.ac.at\/index.php?rest_route=%2Fwp%2Fv2%2Fmedia&parent=54440"}],"wp:term":[{"taxonomy":"category","embeddable":true,"href":"https:\/\/salon21.univie.ac.at\/index.php?rest_route=%2Fwp%2Fv2%2Fcategories&post=54440"},{"taxonomy":"post_tag","embeddable":true,"href":"https:\/\/salon21.univie.ac.at\/index.php?rest_route=%2Fwp%2Fv2%2Ftags&post=54440"}],"curies":[{"name":"wp","href":"https:\/\/api.w.org\/{rel}","templated":true}]}}