{"id":6322,"date":"2011-06-27T15:43:45","date_gmt":"2011-06-27T15:43:45","guid":{"rendered":"http:\/\/www.univie.ac.at\/Geschichte\/salon21\/?p=6322"},"modified":"2022-05-19T16:15:29","modified_gmt":"2022-05-19T16:15:29","slug":"defensio-gudrun-wolfgruber-zwischen-auftrag-und-eigensinn-berufsbiografische-erzahlungen-von-fursorgerinnen-und-sozialarbeiterinnen-der-wiener-jugendwohlfahrt-01072011-wien","status":"publish","type":"post","link":"https:\/\/salon21.univie.ac.at\/?p=6322","title":{"rendered":"Defensio: Gudrun WOLFGRUBER: Zwischen \u201aAuftrag und Eigensinn\u2018 &#8211; Berufsbiografische Erz\u00e4hlungen von F\u00fcrsorgerinnen und SozialarbeiterInnen der Wiener Jugendwohlfahrt, 01.07.2011, Wien"},"content":{"rendered":"<p><strong>219 . Defensio einer Dissertation aus der Studienrichtung Geschichte<\/strong><\/p>\n<ul>\n<li>Es spricht Mag.a <strong>Gudrun WOLFGRUBER<\/strong> \u00fcber: Zwischen &#8218;Auftrag und Eigensinn&#8216; &#8211; Berufsbiografische Erz\u00e4hlungen von F\u00fcrsorgerinnen und SozialarbeiterInnen der Wiener Jugendwohlfahrt<\/li>\n<\/ul>\n<p>Zeit: Freitag 01.07.2011; 11:30 Uhr<br \/>\nOrt: Seminarraum des Institutes f\u00fcr Osteurop\u00e4ische Geschichte, Universit\u00e4tscampus, Spitalgasse 2-4, Hof 3; 1090 Wien<\/p>\n","protected":false},"excerpt":{"rendered":"<p>219 . Defensio einer Dissertation aus der Studienrichtung Geschichte Es spricht Mag.a Gudrun WOLFGRUBER \u00fcber: Zwischen &#8218;Auftrag und Eigensinn&#8216; &#8211; Berufsbiografische Erz\u00e4hlungen von F\u00fcrsorgerinnen und SozialarbeiterInnen der Wiener Jugendwohlfahrt Zeit: Freitag 01.07.2011; 11:30 Uhr Ort: Seminarraum des Institutes f\u00fcr Osteurop\u00e4ische Geschichte, Universit\u00e4tscampus, Spitalgasse 2-4, Hof 3; 1090 Wien<\/p>\n","protected":false},"author":4,"featured_media":0,"comment_status":"open","ping_status":"open","sticky":false,"template":"","format":"standard","meta":{"footnotes":""},"categories":[4],"tags":[],"class_list":["post-6322","post","type-post","status-publish","format-standard","hentry","category-events"],"_links":{"self":[{"href":"https:\/\/salon21.univie.ac.at\/index.php?rest_route=\/wp\/v2\/posts\/6322","targetHints":{"allow":["GET"]}}],"collection":[{"href":"https:\/\/salon21.univie.ac.at\/index.php?rest_route=\/wp\/v2\/posts"}],"about":[{"href":"https:\/\/salon21.univie.ac.at\/index.php?rest_route=\/wp\/v2\/types\/post"}],"author":[{"embeddable":true,"href":"https:\/\/salon21.univie.ac.at\/index.php?rest_route=\/wp\/v2\/users\/4"}],"replies":[{"embeddable":true,"href":"https:\/\/salon21.univie.ac.at\/index.php?rest_route=%2Fwp%2Fv2%2Fcomments&post=6322"}],"version-history":[{"count":1,"href":"https:\/\/salon21.univie.ac.at\/index.php?rest_route=\/wp\/v2\/posts\/6322\/revisions"}],"predecessor-version":[{"id":61489,"href":"https:\/\/salon21.univie.ac.at\/index.php?rest_route=\/wp\/v2\/posts\/6322\/revisions\/61489"}],"wp:attachment":[{"href":"https:\/\/salon21.univie.ac.at\/index.php?rest_route=%2Fwp%2Fv2%2Fmedia&parent=6322"}],"wp:term":[{"taxonomy":"category","embeddable":true,"href":"https:\/\/salon21.univie.ac.at\/index.php?rest_route=%2Fwp%2Fv2%2Fcategories&post=6322"},{"taxonomy":"post_tag","embeddable":true,"href":"https:\/\/salon21.univie.ac.at\/index.php?rest_route=%2Fwp%2Fv2%2Ftags&post=6322"}],"curies":[{"name":"wp","href":"https:\/\/api.w.org\/{rel}","templated":true}]}}