{"id":63782,"date":"2022-05-27T14:29:00","date_gmt":"2022-05-27T14:29:00","guid":{"rendered":"https:\/\/salon21.univie.ac.at\/?p=63782"},"modified":"2022-05-31T14:30:41","modified_gmt":"2022-05-31T14:30:41","slug":"klicktipp-von-der-frauenbibliothek-bis-zum-zines-archiv-feministischen-archive-und-bibliothek-in-oesterreich-publikation","status":"publish","type":"post","link":"https:\/\/salon21.univie.ac.at\/?p=63782","title":{"rendered":"Klicktipp: Von der Frauenbibliothek bis zum Zines-Archiv. Feministischen Archive und Bibliothek in \u00d6sterreich (Publikation)"},"content":{"rendered":"\n<h2 class=\"wp-block-heading\"><\/h2>\n\n\n\n<div class=\"wp-block-image\"><figure class=\"alignleft\"><a href=\"https:\/\/salon21.univie.ac.at\/wp-content\/uploads\/Anstecknadeln-via-Stichwort-150x150-4.jpg\"><img decoding=\"async\" src=\"https:\/\/salon21.univie.ac.at\/wp-content\/uploads\/Anstecknadeln-via-Stichwort-150x150-4.jpg\" alt=\"\" class=\"wp-image-54882\" title=\"Anstecknadeln im Bestand von STICHWORT - via Website von frida\"\/><\/a><\/figure><\/div>\n\n\n\n<p class=\"wp-block-paragraph\"><strong>frida. Verein zur F\u00f6rderung und Vernetzung frauenspezifischer Informations- und Dokumentationseinrichtungen in \u00d6sterreich<\/strong> <a href=\"https:\/\/frida.at\/\" target=\"_blank\" rel=\"noreferrer noopener\">(Web)<\/a><\/p>\n\n\n\n<p class=\"wp-block-paragraph\">Welche feministischen Archive und Bibliotheken bestehen derzeit in \u00d6sterreich? In welchem Kontext wurden sie jeweils gegr\u00fcndet? Wie setzt sich ihr Bestand zusammen? Und wie kann darin recherchiert werden?<\/p>\n\n\n\n<p class=\"wp-block-paragraph\">frida ist das Netzwerk der \u00f6sterreichischen feministischen Dokumentationseirichtungen. Aus Anlass des 30j\u00e4hrigen Bestehens des Netzwerks wurde soeben die Publikation \u201cArchiv-, Bibliotheks- und Dokumentationspolitiken. Frauen*- und genderspezifische Zug\u00e4nge\u201d ver\u00f6ffentlicht.<\/p>\n\n\n\n<p class=\"wp-block-paragraph\">Die Publikation enth\u00e4lt u.a. ausf\u00fchrliche Selbstdarstellungen der aktuell 16 in frida fernetzten feministischen Archive und Bibliotheken.<\/p>\n\n\n\n<p class=\"wp-block-paragraph\">Die alphabetische Vorstellung reicht dabei von \u201eA\u201c, wie der AEP-Frauenbibliothek in Innsbruck, die 1979 als erste feministische Bibliothek in \u00d6sterreich gegr\u00fcndet wurde \u2013 bis \u201eZ\u201c, wie dem Zines-Archiv an der Universit\u00e4t Salzburg, das queer-feministische Zines aus der Riot-Grrrl-Bewegung seit den 1990er-Jahren sammelt.<\/p>\n\n\n\n<p class=\"wp-block-paragraph\">Diese zwei sehr unterschiedlichen Einrichtungen geben bereits einen Eindruck von der Vielfalt der spezifischen Bibliotheken, Archive und Dokumentationseinrichtungen, die derzeit in \u00d6sterreich bestehen.<\/p>\n\n\n\n<ul class=\"wp-block-list\"><li>Zu den ausf\u00fchrlichen Vorstellungen der Einrichtungen in der Publikation <a href=\"https:\/\/journals.univie.ac.at\/index.php\/voebm\/article\/view\/7117\" target=\"_blank\" rel=\"noreferrer noopener\">(Web)<\/a> | <a href=\"https:\/\/journals.univie.ac.at\/index.php\/voebm\/article\/view\/7117\/7234\" target=\"_blank\" rel=\"noreferrer noopener\">(PDF)<\/a><\/li><li>Zu kurzen Vorstellung der Einrichtungen auf der Website von frida <a href=\"https:\/\/frida.at\/mitglieder\" target=\"_blank\" rel=\"noreferrer noopener\">(Web)<\/a><\/li><\/ul>\n\n\n\n<p class=\"wp-block-paragraph\"><strong>Publikation<\/strong><\/p>\n\n\n\n<p class=\"wp-block-paragraph\">Susanne Blumesberger, Li Gerhalter und Lydia Jammernegg (Hg.): Archiv-, Bibliotheks- und Dokumentationspolitiken. Frauen*- und genderspezifische Zug\u00e4nge (Mitteilungen der Vereinigung \u00d6sterreichischer Bibliothekarinnen und Bibliothekare 75\/2022\/1), Wien 2022 <a href=\"https:\/\/frida.at\/projekte\/archiv-bibliotheks-und-dokumentationspolitiken\" target=\"_blank\" rel=\"noreferrer noopener\">(Web)<\/a>.<\/p>\n","protected":false},"excerpt":{"rendered":"<p>frida. Verein zur F\u00f6rderung und Vernetzung frauenspezifischer Informations- und Dokumentationseinrichtungen in \u00d6sterreich (Web) Welche feministischen Archive und Bibliotheken bestehen derzeit in \u00d6sterreich? In welchem Kontext wurden sie jeweils gegr\u00fcndet? Wie setzt sich ihr Bestand zusammen? Und wie kann darin recherchiert werden? frida ist das Netzwerk der \u00f6sterreichischen feministischen Dokumentationseirichtungen. Aus Anlass des 30j\u00e4hrigen Bestehens des [&hellip;]<\/p>\n","protected":false},"author":6,"featured_media":0,"comment_status":"closed","ping_status":"closed","sticky":false,"template":"","format":"standard","meta":{"footnotes":""},"categories":[13,5,16,7,12,11],"tags":[],"class_list":["post-63782","post","type-post","status-publish","format-standard","hentry","category-networks","category-web-sources","category-topic_1968","category-history-of-european-womens-movements","category-frauentag","category-topic_lgbtiq-flit"],"_links":{"self":[{"href":"https:\/\/salon21.univie.ac.at\/index.php?rest_route=\/wp\/v2\/posts\/63782","targetHints":{"allow":["GET"]}}],"collection":[{"href":"https:\/\/salon21.univie.ac.at\/index.php?rest_route=\/wp\/v2\/posts"}],"about":[{"href":"https:\/\/salon21.univie.ac.at\/index.php?rest_route=\/wp\/v2\/types\/post"}],"author":[{"embeddable":true,"href":"https:\/\/salon21.univie.ac.at\/index.php?rest_route=\/wp\/v2\/users\/6"}],"replies":[{"embeddable":true,"href":"https:\/\/salon21.univie.ac.at\/index.php?rest_route=%2Fwp%2Fv2%2Fcomments&post=63782"}],"version-history":[{"count":1,"href":"https:\/\/salon21.univie.ac.at\/index.php?rest_route=\/wp\/v2\/posts\/63782\/revisions"}],"predecessor-version":[{"id":63783,"href":"https:\/\/salon21.univie.ac.at\/index.php?rest_route=\/wp\/v2\/posts\/63782\/revisions\/63783"}],"wp:attachment":[{"href":"https:\/\/salon21.univie.ac.at\/index.php?rest_route=%2Fwp%2Fv2%2Fmedia&parent=63782"}],"wp:term":[{"taxonomy":"category","embeddable":true,"href":"https:\/\/salon21.univie.ac.at\/index.php?rest_route=%2Fwp%2Fv2%2Fcategories&post=63782"},{"taxonomy":"post_tag","embeddable":true,"href":"https:\/\/salon21.univie.ac.at\/index.php?rest_route=%2Fwp%2Fv2%2Ftags&post=63782"}],"curies":[{"name":"wp","href":"https:\/\/api.w.org\/{rel}","templated":true}]}}