{"id":65385,"date":"2022-08-25T02:08:00","date_gmt":"2022-08-25T02:08:00","guid":{"rendered":"https:\/\/salon21.univie.ac.at\/?p=65385"},"modified":"2022-09-28T08:32:06","modified_gmt":"2022-09-28T08:32:06","slug":"natuerliches-uebernatuerliches-27-jahrestagung-des-ak-geschlechtergeschichte-der-fruehen-neuzeit-29-31-10-2022-stuttgart-hohenheim","status":"publish","type":"post","link":"https:\/\/salon21.univie.ac.at\/?p=65385","title":{"rendered":"Konferenz: Nat\u00fcrliches &#8211; \u00dcbernat\u00fcrliches: 27. Jahrestagung des AK Geschlechtergeschichte der Fr\u00fchen Neuzeit, 29.-31.10.2022, Stuttgart-Hohenheim"},"content":{"rendered":"<p><strong><img loading=\"lazy\" decoding=\"async\" class=\"alignleft wp-image-65390 size-thumbnail\" title=\"Emblem XLII aus dem Buch &quot;Atalanta Fugiens&quot; von Michael Maier, Frankfurt 1618 - via Einladung\" src=\"https:\/\/salon21.univie.ac.at\/wp-content\/uploads\/2022\/08\/Publikation1-1-150x150.jpg\" alt=\"\" width=\"150\" height=\"150\" \/>AK Geschlechtergeschichte der Fr\u00fchen Neuzeit<\/strong> <a href=\"https:\/\/ak-geschlechtergeschichte-fnz.univie.ac.at\/?page_id=48\" target=\"_blank\" rel=\"noopener\">(Web)<\/a><\/p>\n<p>Zeit: 29.-31.10.2022<br \/>\nOrt: Tagungszentrum Hohenheim<br \/>\nAnmeldung bis: 15.10.2022<\/p>\n<p>Schon in der Fr\u00fchen Neuzeit wurde der Verweis auf die nat\u00fcrliche Ordnung dazu genutzt, Erscheinungsformen menschlichen Lebens, als nat\u00fcrlich oder &#8222;wider die Natur&#8220; zu qualifizieren. Mit Blick auf Geschlechterdifferenzen, -ordnungen oder deren \u00dcberwindung geht die Tagung Diskursen und Praktiken nach, die sich mit Nat\u00fcrlichem, \u00dcber- oder Widernat\u00fcrlichem befassten bzw. darauf zur\u00fcckgef\u00fchrt wurden.<\/p>\n<p>Die Natur ist im lateinisch-christlichen Mittelalter zun\u00e4chst allumfassend die Sch\u00f6pfung Gottes, deren Krone die Menschen (bzw. Mann und Frau) darstellen und die in ihrem Urzustand auch die bestm\u00f6gliche Realisierung erfahren hat; durch den S\u00fcndenfall wird diese urspr\u00fcngliche Einheit und Sch\u00f6nheit zerst\u00f6rt und der Mensch\/Mann soll nun zur Strafe im Schwei\u00dfe seines Angesichts sein Brot essen, die Frau \u201eunter Schmerzen Kinder geb\u00e4ren\u201c und ihrem Mann untergeben sein. So geraten also beide, Mann und Frau, von der sch\u00f6nen paradiesischen Natur in einen \u201eKulturzustand\u201c, der M\u00fchen, Not, Schmerzen und schlie\u00dflich den Tod mit sich bringt, der allerdings auch Erkenntnis, Bildung, Verbesserung des irdischen Elends usw. verspricht. Diese Sch\u00f6pfungs- und S\u00fcndenfallgeschichte hat bereits in der fr\u00fchen Neuzeit zu einer breit angelegten Debatte gef\u00fchrt, der \u201equerelle des femmes\u201c, in der <a href=\"https:\/\/www.hsozkult.de\/event\/id\/event-129191?utm_source=hskhtml&amp;utm_medium=email&amp;utm_campaign=htmldigest\" target=\"_blank\" rel=\"noopener\">&#8230; weiterlesen und Quelle (Web).<\/a><\/p>\n<ul>\n<li><strong>Programm<\/strong> <a href=\"https:\/\/ak-geschlechtergeschichte-fnz.univie.ac.at\/?page_id=48\" target=\"_blank\" rel=\"noopener\">(Web)<\/a><\/li>\n<li><strong>Panels: <\/strong>Religion\u00a0 |\u00a0 Emotionen\u00a0 |\u00a0 Repr\u00e4sentation<\/li>\n<\/ul>\n<p>Organisator:innen: Antje Fl\u00fcchter (Bielefeld), Andrea Griesebner (Wien), Michaela Hohkamp (Hannover), Monika Mommertz und Claudia Opitz-Belakhal (Basel) und Johannes Kuber (Rottenburg-Stuttgart)<\/p>\n","protected":false},"excerpt":{"rendered":"<p>AK Geschlechtergeschichte der Fr\u00fchen Neuzeit (Web) Zeit: 29.-31.10.2022 Ort: Tagungszentrum Hohenheim Anmeldung bis: 15.10.2022 Schon in der Fr\u00fchen Neuzeit wurde der Verweis auf die nat\u00fcrliche Ordnung dazu genutzt, Erscheinungsformen menschlichen Lebens, als nat\u00fcrlich oder &#8222;wider die Natur&#8220; zu qualifizieren. Mit Blick auf Geschlechterdifferenzen, -ordnungen oder deren \u00dcberwindung geht die Tagung Diskursen und Praktiken nach, die [&hellip;]<\/p>\n","protected":false},"author":6,"featured_media":0,"comment_status":"closed","ping_status":"","sticky":false,"template":"","format":"standard","meta":{"footnotes":""},"categories":[4,11],"tags":[],"class_list":["post-65385","post","type-post","status-publish","format-standard","hentry","category-events","category-topic_lgbtiq-flit"],"_links":{"self":[{"href":"https:\/\/salon21.univie.ac.at\/index.php?rest_route=\/wp\/v2\/posts\/65385","targetHints":{"allow":["GET"]}}],"collection":[{"href":"https:\/\/salon21.univie.ac.at\/index.php?rest_route=\/wp\/v2\/posts"}],"about":[{"href":"https:\/\/salon21.univie.ac.at\/index.php?rest_route=\/wp\/v2\/types\/post"}],"author":[{"embeddable":true,"href":"https:\/\/salon21.univie.ac.at\/index.php?rest_route=\/wp\/v2\/users\/6"}],"replies":[{"embeddable":true,"href":"https:\/\/salon21.univie.ac.at\/index.php?rest_route=%2Fwp%2Fv2%2Fcomments&post=65385"}],"version-history":[{"count":14,"href":"https:\/\/salon21.univie.ac.at\/index.php?rest_route=\/wp\/v2\/posts\/65385\/revisions"}],"predecessor-version":[{"id":66400,"href":"https:\/\/salon21.univie.ac.at\/index.php?rest_route=\/wp\/v2\/posts\/65385\/revisions\/66400"}],"wp:attachment":[{"href":"https:\/\/salon21.univie.ac.at\/index.php?rest_route=%2Fwp%2Fv2%2Fmedia&parent=65385"}],"wp:term":[{"taxonomy":"category","embeddable":true,"href":"https:\/\/salon21.univie.ac.at\/index.php?rest_route=%2Fwp%2Fv2%2Fcategories&post=65385"},{"taxonomy":"post_tag","embeddable":true,"href":"https:\/\/salon21.univie.ac.at\/index.php?rest_route=%2Fwp%2Fv2%2Ftags&post=65385"}],"curies":[{"name":"wp","href":"https:\/\/api.w.org\/{rel}","templated":true}]}}