{"id":69044,"date":"2023-03-23T02:12:00","date_gmt":"2023-03-23T02:12:00","guid":{"rendered":"https:\/\/salon21.univie.ac.at\/?p=69044"},"modified":"2023-03-17T19:49:27","modified_gmt":"2023-03-17T19:49:27","slug":"vortrag-elsa-hamerla-umbruch-und-kontinuitaet-nationalsozialismus-und-konversion-zum-katholizismus-von-ruth-medger-19-04-2023-wien","status":"publish","type":"post","link":"https:\/\/salon21.univie.ac.at\/?p=69044","title":{"rendered":"Vortrag: Elsa Hamerla: Umbruch und Kontinuit\u00e4t \u2013 Nationalsozialismus und Konversion zum Katholizismus von Ruth Medger, 19.04.2023, Wien"},"content":{"rendered":"<p><strong>biografiA \u2013 Neue Ergebnisse der Frauenbiografieforschung &#8211; Institut f\u00fcr Wissenschaft und Kunst (IWK)<\/strong> <a href=\"https:\/\/www.iwk.ac.at\/events\/elsa-hamerla-umbruch-und-kontinuitaet-nationalsozialismus-und-konversion-zum-katholizismus-von-ruth-medger\" target=\"_blank\" rel=\"noopener\">(Web)<\/a><\/p>\n<p>Zeit: 19.04.2023, 18:30-21:30 Uhr<br \/>\nOrt: IWK, Berggasse 17, 1090<\/p>\n<p>Ruth Medger, eine aus dem liberalen Bildungsb\u00fcrgertum stammende Preu\u00dfin, wurde ab 1934 eine \u201egl\u00fchende Nationalsozialistin\u201c, die ein selbst\u00e4ndiges Leben als Frau jenseits traditioneller Geschlechterrollen f\u00fchrte. Auf gro\u00dfes Interesse stie\u00df ihr 1940 erschienenes Jugendbuch \u201eSo fand ich Deutsch-Ostafrika \u2013 Beobachtungen und Erlebnisse einer deutschen Kolonial-Sch\u00fclerin\u201c. Nach Studien in Berlin und Hamburg erfuhr Ruth Medger 1943 bei einem &#8218;Reichseinsatz&#8216; in der Ukraine auch von der Ermordung der j\u00fcdischen Bev\u00f6lkerung. Daraufhin konvertierte sie in \u00d6sterreich zu einem fundamentalistischen Katholizismus, wurde in der Nachkriegszeit Pressereferentin von Erzbischof Rohracher und berichtete freiberuflich in Salzburg \u00fcber kirchliches und geistesgeschichtliches Geschehen.<br \/>\nRuth Medgers lebensgeschichtliche Erinnerungen an den Nationalsozialismus haben bislang keinen Weg an eine \u00d6ffentlichkeit gefunden. Darin schildert sie ihren &#8222;geistigen&#8220; Umbruch zum Katholizismus zun\u00e4chst als ausreichende Abkehr. Als Ursache f\u00fcr ihre Konversion bringt sie diese in immer n\u00e4heren Zusammenhang zur Shoah in der Ukraine. Ihre textlichen Quellen zeigen Ruth Medgers lebenslanges Festhalten an der \u201ealleinseligmachenden katholische Kirche\u201c auch als die \u00dcberforderung, den Katholizismus mit der konkreten Aufarbeitung des Nationalsozialismus zu verbinden.<\/p>\n<p>Elsa Hamerla hat sich in ihrer Masterarbeit mit den Erinnerungen ihrer Mutter Ruth Medger besch\u00e4ftigt und plant eine weiterreichende Biographie.<\/p>\n","protected":false},"excerpt":{"rendered":"<p>biografiA \u2013 Neue Ergebnisse der Frauenbiografieforschung &#8211; Institut f\u00fcr Wissenschaft und Kunst (IWK) (Web) Zeit: 19.04.2023, 18:30-21:30 Uhr Ort: IWK, Berggasse 17, 1090 Ruth Medger, eine aus dem liberalen Bildungsb\u00fcrgertum stammende Preu\u00dfin, wurde ab 1934 eine \u201egl\u00fchende Nationalsozialistin\u201c, die ein selbst\u00e4ndiges Leben als Frau jenseits traditioneller Geschlechterrollen f\u00fchrte. Auf gro\u00dfes Interesse stie\u00df ihr 1940 erschienenes [&hellip;]<\/p>\n","protected":false},"author":6,"featured_media":0,"comment_status":"closed","ping_status":"","sticky":false,"template":"","format":"standard","meta":{"footnotes":""},"categories":[4,14],"tags":[],"class_list":["post-69044","post","type-post","status-publish","format-standard","hentry","category-events","category-migration-2"],"_links":{"self":[{"href":"https:\/\/salon21.univie.ac.at\/index.php?rest_route=\/wp\/v2\/posts\/69044","targetHints":{"allow":["GET"]}}],"collection":[{"href":"https:\/\/salon21.univie.ac.at\/index.php?rest_route=\/wp\/v2\/posts"}],"about":[{"href":"https:\/\/salon21.univie.ac.at\/index.php?rest_route=\/wp\/v2\/types\/post"}],"author":[{"embeddable":true,"href":"https:\/\/salon21.univie.ac.at\/index.php?rest_route=\/wp\/v2\/users\/6"}],"replies":[{"embeddable":true,"href":"https:\/\/salon21.univie.ac.at\/index.php?rest_route=%2Fwp%2Fv2%2Fcomments&post=69044"}],"version-history":[{"count":2,"href":"https:\/\/salon21.univie.ac.at\/index.php?rest_route=\/wp\/v2\/posts\/69044\/revisions"}],"predecessor-version":[{"id":69046,"href":"https:\/\/salon21.univie.ac.at\/index.php?rest_route=\/wp\/v2\/posts\/69044\/revisions\/69046"}],"wp:attachment":[{"href":"https:\/\/salon21.univie.ac.at\/index.php?rest_route=%2Fwp%2Fv2%2Fmedia&parent=69044"}],"wp:term":[{"taxonomy":"category","embeddable":true,"href":"https:\/\/salon21.univie.ac.at\/index.php?rest_route=%2Fwp%2Fv2%2Fcategories&post=69044"},{"taxonomy":"post_tag","embeddable":true,"href":"https:\/\/salon21.univie.ac.at\/index.php?rest_route=%2Fwp%2Fv2%2Ftags&post=69044"}],"curies":[{"name":"wp","href":"https:\/\/api.w.org\/{rel}","templated":true}]}}