{"id":6905,"date":"2011-10-13T14:12:09","date_gmt":"2011-10-13T14:12:09","guid":{"rendered":"http:\/\/www.univie.ac.at\/Geschichte\/salon21\/?p=6905"},"modified":"2022-05-19T16:14:18","modified_gmt":"2022-05-19T16:14:18","slug":"radiosendung-uber-das-archiv-sammlung-frauennachlasse-14102011-1500-1600-uhr","status":"publish","type":"post","link":"https:\/\/salon21.univie.ac.at\/?p=6905","title":{"rendered":"Radiosendung \u00fcber das Archiv Sammlung Frauennachl\u00e4sse, 14.10.2011, 15.00-16.00 Uhr"},"content":{"rendered":"<p><strong>Sender: Radio Orange 94.0<\/strong><a href=\"http:\/\/cba.fro.at\/50965\" target=\"_blank\" rel=\"noopener\"> <\/a><a href=\"http:\/\/orange940.radio.at\/\" target=\"_blank\" rel=\"noopener\"><\/a><br \/>\n<a href=\"http:\/\/cba.fro.at\/50965\" target=\"_blank\" rel=\"noopener\">Link zum Nachh\u00f6ren der Sendung<\/a><br \/>\nSendereihe: Radio Augustin &#8222;Z\u00fcndstoff stellt vor: K\u00fcnstlerinnen, Allrounderinnen, Vereine &amp; Angebote von und f\u00fcr Frauen&#8220;, Gestaltung: Alexandra Gruber; Gespr\u00e4ch mit Li Gerhalter \u00fcber das Archiv Sammlung Frauennachl\u00e4sse <a href=\"https:\/\/www.univie.ac.at\/Geschichte\/sfn\/\" target=\"_blank\" rel=\"noopener\">(Website)<\/a><br \/>\nZeit: 14. Oktober 2011, 15.00 bis 16.00 Uhr<\/p>\n","protected":false},"excerpt":{"rendered":"<p>Sender: Radio Orange 94.0 Link zum Nachh\u00f6ren der Sendung Sendereihe: Radio Augustin &#8222;Z\u00fcndstoff stellt vor: K\u00fcnstlerinnen, Allrounderinnen, Vereine &amp; Angebote von und f\u00fcr Frauen&#8220;, Gestaltung: Alexandra Gruber; Gespr\u00e4ch mit Li Gerhalter \u00fcber das Archiv Sammlung Frauennachl\u00e4sse (Website) Zeit: 14. Oktober 2011, 15.00 bis 16.00 Uhr<\/p>\n","protected":false},"author":4,"featured_media":0,"comment_status":"open","ping_status":"open","sticky":false,"template":"","format":"standard","meta":{"footnotes":""},"categories":[4],"tags":[],"class_list":["post-6905","post","type-post","status-publish","format-standard","hentry","category-events"],"_links":{"self":[{"href":"https:\/\/salon21.univie.ac.at\/index.php?rest_route=\/wp\/v2\/posts\/6905","targetHints":{"allow":["GET"]}}],"collection":[{"href":"https:\/\/salon21.univie.ac.at\/index.php?rest_route=\/wp\/v2\/posts"}],"about":[{"href":"https:\/\/salon21.univie.ac.at\/index.php?rest_route=\/wp\/v2\/types\/post"}],"author":[{"embeddable":true,"href":"https:\/\/salon21.univie.ac.at\/index.php?rest_route=\/wp\/v2\/users\/4"}],"replies":[{"embeddable":true,"href":"https:\/\/salon21.univie.ac.at\/index.php?rest_route=%2Fwp%2Fv2%2Fcomments&post=6905"}],"version-history":[{"count":1,"href":"https:\/\/salon21.univie.ac.at\/index.php?rest_route=\/wp\/v2\/posts\/6905\/revisions"}],"predecessor-version":[{"id":61384,"href":"https:\/\/salon21.univie.ac.at\/index.php?rest_route=\/wp\/v2\/posts\/6905\/revisions\/61384"}],"wp:attachment":[{"href":"https:\/\/salon21.univie.ac.at\/index.php?rest_route=%2Fwp%2Fv2%2Fmedia&parent=6905"}],"wp:term":[{"taxonomy":"category","embeddable":true,"href":"https:\/\/salon21.univie.ac.at\/index.php?rest_route=%2Fwp%2Fv2%2Fcategories&post=6905"},{"taxonomy":"post_tag","embeddable":true,"href":"https:\/\/salon21.univie.ac.at\/index.php?rest_route=%2Fwp%2Fv2%2Ftags&post=6905"}],"curies":[{"name":"wp","href":"https:\/\/api.w.org\/{rel}","templated":true}]}}