{"id":72204,"date":"2023-10-12T02:22:00","date_gmt":"2023-10-12T02:22:00","guid":{"rendered":"https:\/\/salon21.univie.ac.at\/?p=72204"},"modified":"2024-01-18T07:59:46","modified_gmt":"2024-01-18T07:59:46","slug":"projektpraesentation-nadjeschda-stoffers-und-lukas-schretter-memory-lab-partizipative-forschung-zum-lebensborn-heim-wienerwald-1938-1945-24-01-2023","status":"publish","type":"post","link":"https:\/\/salon21.univie.ac.at\/?p=72204","title":{"rendered":"Pr\u00e4sentation: Lukas Schretter, Nadjeschda Stoffers, Michaela Tasotti und Elke Kastner-Kainovic: Memory Lab \u2013 Partizipative Forschung zum Lebensborn-Heim \u201eWienerwald\u201c, 1938-1945, 24.01.2024, Wien und virtueller Raum"},"content":{"rendered":"<p><strong><img loading=\"lazy\" decoding=\"async\" class=\"alignleft wp-image-74400 size-thumbnail\" title=\"Grafik via Website\" src=\"https:\/\/salon21.univie.ac.at\/wp-content\/uploads\/2024\/01\/Memory-Lab-150x150.png\" alt=\"\" width=\"150\" height=\"150\" \/>Vortragsreihe \u201eGeschichte am Mittwoch\u201c<\/strong> <a href=\"https:\/\/ifg.univie.ac.at\/news-events\/geschichte-am-mittwoch\/\" target=\"_blank\" rel=\"noopener\">(Web)<\/a><strong> in Koop. mit fernetzt. Junges Forschungsnetzwerk Frauen- und Geschlechtergeschichte<\/strong> <a href=\"https:\/\/fernetzt.univie.ac.at\/\" target=\"_blank\" rel=\"noopener\">(Web)<\/a><\/p>\n<p>Zeit: 24.01.2024, 18.30-20.00 Uhr<br \/>\nOrt: Univ. Wien, HS 30, Universit\u00e4tsring 1 \u2013 und virtueller Raum<\/p>\n<p>Im Heim \u201eWienerwald\u201c, einer zun\u00e4chst von zwei j\u00fcdischen \u00c4rzten geleiteten Lungenheilanstalt, befand sich zwischen 1938 und 1945 ein vom SS-Verein Lebensborn betriebenes Entbindungsheim. Es sollte zur Steigerung der Geburtenrate von Kindern beitragen, die als \u201earisch\u201c klassifiziert wurden. Nach 1945 wurde das Geb\u00e4ude u.a. vom \u00d6GB und zuletzt von der WGKK als Erholungs- bzw. Rehabilitationszentrum genutzt. Seit wenigen Jahren steht das Geb\u00e4ude leer.<br \/>\n2023 fand ein &#8222;Memory Lab&#8220; zur Geschichte des Geb\u00e4udes statt <a href=\"https:\/\/ois.lbg.ac.at\/projekte\/memory-lab\/\" target=\"_blank\" rel=\"noopener\">(Web)<\/a>: Angesiedelt an der Schnittstelle zwischen Wissenschaft und Zivilgesellschaft, nahmen am Prozess der historischen Aufarbeitung sowohl Personen, deren Biografien und Familiengeschichten mit dem Heim in unterschiedlicher Weise in Verbindung stehen, als auch Personen aus dem r\u00e4umlichen Umfeld des Geb\u00e4udes teil. Das &#8222;Memory Lab&#8220; sollte die aktive Auseinandersetzung mit der Geschichte des Erinnerungsortes und zivilgesellschaftliches Engagement f\u00f6rdern.<br \/>\nDie Pr\u00e4sentation gemeinsam mit Teilnehmer:innen des &#8222;Memory Lab&#8220; beinhaltet eine Reflexion der Konzeption und Durchf\u00fchrung des Projekts: Mit welchen Herausforderungen war das Projekt konfrontiert? In welchen Projektphasen war Flexibilit\u00e4t im Forschungsprozess in besonderem Ma\u00dfe erforderlich? Und welche gesellschaftliche Wirkung ist vom Memory Lab zu erwarten? Damit m\u00f6chte die Pr\u00e4sentation auch forschungsethische und forschungspraktische Herausforderungen partizipativer Forschung zu historischen Orten aufgreifen.<\/p>\n<p>Zoom-Link der Veranstaltung: https:\/\/univienna.zoom.us\/j\/66262941903?pwd=Z0I5R0F1VXVnVWJWOW1KNGhLMmVQUT09 [Meeting-ID: 662 6294 1903, Kenncode: 787244]<\/p>\n<p><!--more--><\/p>\n<p><strong>Projekt<\/strong> &#8222;Memory Lab. Partizipative Forschung zum Lebensborn-Heim Wienerwald, 1938\u20131945&#8220; des Ludwig Boltzmann Instituts f\u00fcr Kriegsfolgenforschung <a href=\"https:\/\/ois.lbg.ac.at\/projekte\/memory-lab\/\" target=\"_blank\" rel=\"noopener\">(Website)<\/a><\/p>\n<p><strong>Vortragende<\/strong><\/p>\n<p>Elke Kastner-Kainovic (St. P\u00f6lten) ist eine &#8222;Co-Forscherin&#8220; in dem partizipativen Projekt.<\/p>\n<p>Nadjeschda Stoffers (Wien) studierte Geschichte und Deutsche Philologie. Sie ist wissenschaftliche Mitarbeiterin am LBI Kriegsfolgenforschung und der Univ. Graz, Lektorin an der FH St. P\u00f6lten und Vorstandsmitglied bei fernetzt &#8211; Verein zur F\u00f6rderung junger Forschung zur Frauen- und Geschlechtergeschichte.<\/p>\n<p>Lukas Schretter (Wien) studierte Europ\u00e4ische Ethnologie, Holocaust and Genocide Studies und Geschichte. 2012-2014 wissenschaftlicher Volont\u00e4r und 2014-2015 wissenschaftlicher Mitarbeiter der KZ-Gedenkst\u00e4tte Dachau. 2015-2018 Stipendiat des von der EU-gef\u00f6rderten ITN Children Born of War. Past Present Future, seit 2020 Forschungen zu \u201eLebensborn\u201c und Research Group Leader am LBI Kriegsfolgenforschung in Graz.<\/p>\n<p>Michaela Tasotti (Graz) ist wissenschaftliche Mitarbeiterin am LBI Kriegsfolgenforschung in Graz.<\/p>\n<p><strong>Moderatorin<\/strong>: Li Gerhalter<\/p>\n<p>Quelle: veranstaltungen.geschichte@univie.ac.at<\/p>\n","protected":false},"excerpt":{"rendered":"<p>Vortragsreihe \u201eGeschichte am Mittwoch\u201c (Web) in Koop. mit fernetzt. Junges Forschungsnetzwerk Frauen- und Geschlechtergeschichte (Web) Zeit: 24.01.2024, 18.30-20.00 Uhr Ort: Univ. Wien, HS 30, Universit\u00e4tsring 1 \u2013 und virtueller Raum Im Heim \u201eWienerwald\u201c, einer zun\u00e4chst von zwei j\u00fcdischen \u00c4rzten geleiteten Lungenheilanstalt, befand sich zwischen 1938 und 1945 ein vom SS-Verein Lebensborn betriebenes Entbindungsheim. Es sollte [&hellip;]<\/p>\n","protected":false},"author":6,"featured_media":0,"comment_status":"closed","ping_status":"closed","sticky":false,"template":"","format":"standard","meta":{"footnotes":""},"categories":[4,13,6],"tags":[],"class_list":["post-72204","post","type-post","status-publish","format-standard","hentry","category-events","category-networks","category-topic_pflegecare"],"_links":{"self":[{"href":"https:\/\/salon21.univie.ac.at\/index.php?rest_route=\/wp\/v2\/posts\/72204","targetHints":{"allow":["GET"]}}],"collection":[{"href":"https:\/\/salon21.univie.ac.at\/index.php?rest_route=\/wp\/v2\/posts"}],"about":[{"href":"https:\/\/salon21.univie.ac.at\/index.php?rest_route=\/wp\/v2\/types\/post"}],"author":[{"embeddable":true,"href":"https:\/\/salon21.univie.ac.at\/index.php?rest_route=\/wp\/v2\/users\/6"}],"replies":[{"embeddable":true,"href":"https:\/\/salon21.univie.ac.at\/index.php?rest_route=%2Fwp%2Fv2%2Fcomments&post=72204"}],"version-history":[{"count":19,"href":"https:\/\/salon21.univie.ac.at\/index.php?rest_route=\/wp\/v2\/posts\/72204\/revisions"}],"predecessor-version":[{"id":74409,"href":"https:\/\/salon21.univie.ac.at\/index.php?rest_route=\/wp\/v2\/posts\/72204\/revisions\/74409"}],"wp:attachment":[{"href":"https:\/\/salon21.univie.ac.at\/index.php?rest_route=%2Fwp%2Fv2%2Fmedia&parent=72204"}],"wp:term":[{"taxonomy":"category","embeddable":true,"href":"https:\/\/salon21.univie.ac.at\/index.php?rest_route=%2Fwp%2Fv2%2Fcategories&post=72204"},{"taxonomy":"post_tag","embeddable":true,"href":"https:\/\/salon21.univie.ac.at\/index.php?rest_route=%2Fwp%2Fv2%2Ftags&post=72204"}],"curies":[{"name":"wp","href":"https:\/\/api.w.org\/{rel}","templated":true}]}}