{"id":79698,"date":"2025-03-04T02:48:00","date_gmt":"2025-03-04T02:48:00","guid":{"rendered":"https:\/\/salon21.univie.ac.at\/?p=79698"},"modified":"2025-04-25T05:46:26","modified_gmt":"2025-04-25T05:46:26","slug":"vortrag-brigitte-semanek-parkplatz-almweide-einfamilienhaus-supermarkt-transformationsprozesse-laendlicher-regionen-im-spiegel-der-amateurfilmsammlung-niederoesterreich-privat","status":"publish","type":"post","link":"https:\/\/salon21.univie.ac.at\/?p=79698","title":{"rendered":"Vortrag: Brigitte Semanek: Parkplatz, Almweide, Einfamilienhaus, Supermarkt. Transformationsprozesse l\u00e4ndlicher Regionen im Spiegel der Amateurfilmsammlung \u201eNieder\u00f6sterreich privat\u201c, 07.05.2025, Wien"},"content":{"rendered":"<p><strong><img loading=\"lazy\" decoding=\"async\" class=\"alignleft wp-image-80548 size-thumbnail\" title=\"\u201eNieder\u00f6sterreich privat\u201c, Konvolut 2374, 2374-012, Prein an der Rax 1976 - via Website\" src=\"https:\/\/salon21.univie.ac.at\/wp-content\/uploads\/2025\/04\/f26e88ab-9a88-41d8-84cf-7d10ed385c41-150x150.png\" alt=\"\" width=\"150\" height=\"150\" \/>Institut f\u00fcr Geschichte der Univ. Wien: Reihe Geschichte am Mittwoch <\/strong><a href=\"https:\/\/salon21.univie.ac.at\/wp-content\/uploads\/2025\/02\/GaM_SS-2025_Gesamtprogramm.pdf\" target=\"_blank\" rel=\"noopener\">(PDF)<\/a><strong> und \u201efernetzt. Junges Forschungsnetzwerk Frauen- und Geschlechtergeschichte\u201c<\/strong>\u00a0<a href=\"https:\/\/fernetzt.univie.ac.at\/\" target=\"_blank\" rel=\"noopener\">(Web)<\/a><\/p>\n<p>Zeit: Mi., 07.05.2025, 18.30\u201320.00 Uhr<br \/>\nOrt: Univ. Wien, H\u00f6rsaal 30, Universit\u00e4tsring 1, 1. Stock, 1010 Wien<\/p>\n<p>In diesem Vortrag wird die Amateurfilm- und Home-Movie-Sammlung \u201eNieder\u00f6sterreich privat\u201c <a href=\"https:\/\/www.noe-privat.at\/de\/home.html\" target=\"_blank\" rel=\"noopener\">(Web)<\/a> darauf hin befragt, welche konsum- und geschlechtergeschichtlichen Perspektiven in ausgew\u00e4hlten Filmdokumenten aus den 1950er bis 1980er Jahren sichtbar werden. Aus einem Suchaufruf 2013 entstanden, setzt sich die Sammlung aus \u00fcber 70.000 digitalisierten Schmalfilmen von mehr als 2.700 \u00dcbergeber*innen aus verschiedenen Gegenden Nieder\u00f6sterreichs zusammen. Damit lassen sich sowohl von einzelnen Familien oder aus bestimmten Orten \u00fcberlieferte Best\u00e4nde genauer untersuchen als auch serielle Bildproduktionen und h\u00e4ufig wiederkehrende Motive nachverfolgen. Ausgehend von dieser F\u00fclle des Materials, das derzeit am Institut f\u00fcr Geschichte des l\u00e4ndlichen Raumes katalogisiert und f\u00fcr Forschungs- und Ausstellungsprojekte erschlossen wird, sollen im Vortrag zun\u00e4chst die Handlungspotentiale der Filmemacher:innen und Protagonist:innen in den Blick genommen werden. In einem zweiten Schritt wird ein Repertoire von Schaupl\u00e4tzen \u00fcber die Jahrzehnte nachgezeichnet, das von bestimmten Vorstellungen von L\u00e4ndlichkeit und Urbanit\u00e4t, von zunehmender (Auto-)Mobilit\u00e4t und von unterschiedlichen Familien- und Erwerbsarbeitsverh\u00e4ltnissen gepr\u00e4gt wurde. Analysen des Filmmaterials beruhen dabei auf genretheoretischen \u00dcberlegungen u.a. nach Roger Odin und Alexandra Schneider sowie auf Fragen zu Auff\u00fchrungs-, Aufbewahrungs- und Digitalisierungspraktiken.<\/p>\n<p>Moderation: Ren\u00e9e Winter <a href=\"https:\/\/zeitgeschichte.univie.ac.at\/ueber-uns\/wissenschaftliche-mitarbeiterinnen\/renee-winter\/\" target=\"_blank\" rel=\"noopener\">(Web)<\/a><\/p>\n<p>Brigitte Semanek studierte Geschichte und Angewandte Linguistik an der Univ. Wien und ist Leiterin des Instituts f\u00fcr Geschichte des l\u00e4ndlichen Raumes (IGLR) in St. P\u00f6lten, an dem das Projekt zur Katalogisierung der Amateurfilmsammlung \u201eNieder\u00f6sterreich privat\u201c bis 2027 l\u00e4uft. Sie ist Vorstandsmitglied der European Rural History Film Association und Mitgr\u00fcnderin von \u201efernetzt\u201c. <a href=\"https:\/\/www.ruralhistory.at\/de\/institut\/team\/brigitte-semanek-1\" target=\"_blank\" rel=\"noopener\">(Web)<\/a><\/p>\n","protected":false},"excerpt":{"rendered":"<p>Institut f\u00fcr Geschichte der Univ. Wien: Reihe Geschichte am Mittwoch (PDF) und \u201efernetzt. Junges Forschungsnetzwerk Frauen- und Geschlechtergeschichte\u201c\u00a0(Web) Zeit: Mi., 07.05.2025, 18.30\u201320.00 Uhr Ort: Univ. Wien, H\u00f6rsaal 30, Universit\u00e4tsring 1, 1. Stock, 1010 Wien In diesem Vortrag wird die Amateurfilm- und Home-Movie-Sammlung \u201eNieder\u00f6sterreich privat\u201c (Web) darauf hin befragt, welche konsum- und geschlechtergeschichtlichen Perspektiven in ausgew\u00e4hlten [&hellip;]<\/p>\n","protected":false},"author":6,"featured_media":0,"comment_status":"closed","ping_status":"closed","sticky":false,"template":"","format":"standard","meta":{"footnotes":""},"categories":[4,13,16,6],"tags":[],"class_list":["post-79698","post","type-post","status-publish","format-standard","hentry","category-events","category-networks","category-topic_1968","category-topic_pflegecare"],"_links":{"self":[{"href":"https:\/\/salon21.univie.ac.at\/index.php?rest_route=\/wp\/v2\/posts\/79698","targetHints":{"allow":["GET"]}}],"collection":[{"href":"https:\/\/salon21.univie.ac.at\/index.php?rest_route=\/wp\/v2\/posts"}],"about":[{"href":"https:\/\/salon21.univie.ac.at\/index.php?rest_route=\/wp\/v2\/types\/post"}],"author":[{"embeddable":true,"href":"https:\/\/salon21.univie.ac.at\/index.php?rest_route=\/wp\/v2\/users\/6"}],"replies":[{"embeddable":true,"href":"https:\/\/salon21.univie.ac.at\/index.php?rest_route=%2Fwp%2Fv2%2Fcomments&post=79698"}],"version-history":[{"count":7,"href":"https:\/\/salon21.univie.ac.at\/index.php?rest_route=\/wp\/v2\/posts\/79698\/revisions"}],"predecessor-version":[{"id":80551,"href":"https:\/\/salon21.univie.ac.at\/index.php?rest_route=\/wp\/v2\/posts\/79698\/revisions\/80551"}],"wp:attachment":[{"href":"https:\/\/salon21.univie.ac.at\/index.php?rest_route=%2Fwp%2Fv2%2Fmedia&parent=79698"}],"wp:term":[{"taxonomy":"category","embeddable":true,"href":"https:\/\/salon21.univie.ac.at\/index.php?rest_route=%2Fwp%2Fv2%2Fcategories&post=79698"},{"taxonomy":"post_tag","embeddable":true,"href":"https:\/\/salon21.univie.ac.at\/index.php?rest_route=%2Fwp%2Fv2%2Ftags&post=79698"}],"curies":[{"name":"wp","href":"https:\/\/api.w.org\/{rel}","templated":true}]}}