{"id":8034,"date":"2012-02-22T02:16:39","date_gmt":"2012-02-22T02:16:39","guid":{"rendered":"http:\/\/www.univie.ac.at\/Geschichte\/salon21\/?p=8034"},"modified":"2022-05-19T16:14:05","modified_gmt":"2022-05-19T16:14:05","slug":"cfp-postcolonial-und-gender-studies-event-042012-trier-dl-16-04-2012-2","status":"publish","type":"post","link":"https:\/\/salon21.univie.ac.at\/?p=8034","title":{"rendered":"CfP: &#8218;Postcolonial und Gender Studies&#8216; (Event: 06\/2012, Trier); DL: 16.04.2012"},"content":{"rendered":"<p><strong>Centrum f\u00fcr Postcolonial und Gender Studies Trier &#8211; Interdisziplin\u00e4res Kolloquium f\u00fcr (Post-)Doktorand\/innen <\/strong><a href=\"http:\/\/www.uni-trier.de\/index.php?id=11691\" target=\"_blank\" rel=\"noopener\">(Web)<\/a><strong><\/strong><\/p>\n<p>Zeit: 14.-15.06.2012<br \/>\nOrt: Universit\u00e4t Trier<br \/>\n<strong>Deadline<\/strong>: 16.04.2012<\/p>\n<p>Das CePoG veranstaltet im Sommersemester 2012 zum f\u00fcnften Mal ein Kolloquium f\u00fcr (Post-)Doktorand\/innen zum Bereich &#8222;Postcolonial und Gender Studies&#8220;. Ziel ist es, den Nachwuchswissenschaftler\/innen, die in diesen beiden Feldern arbeiten, eine Plattform des inhaltlichen Austauschs und der interdisziplin\u00e4ren Vernetzung zu bieten. Das Kolloquium findet im Juni 2012 an der Universit\u00e4t Trier statt. Diejenigen, die sich gern mit einem Vortrag beteiligen wollen, sind gebeten, bis Montag, bis 16. April 2012 den Veranstalterinnen ein Abstract (max. 1500 Zeichen inkl. Leerzeichen) und den Titel des Dissertations-\/Habilitationsvorhabens zukommen zu lassen. Dabei sind theoretisch-methodologische Fragestellungen ebenso willkommen wie Analysen konkreter Beispiele.<!--more--><\/p>\n<p><strong>Kontakt<\/strong><br \/>\nElisa M\u00fcller-Adams<br \/>\nCePoG; FB II &#8211; Germanistik<br \/>\nUniversit\u00e4t Trier<br \/>\n54286 Trier<br \/>\n0651-2012121<br \/>\nEmail: cepog@uni-trier.de<br \/>\n<a href=\"http:\/\/www.uni-trier.de\/index.php?id=11691\" target=\"_blank\" rel=\"noopener\">Website<\/a><\/p>\n<p>Quelle: &lt;http:\/\/hsozkult.geschichte.hu-berlin.de\/termine\/id=18400&amp;gt<\/p>\n","protected":false},"excerpt":{"rendered":"<p>Centrum f\u00fcr Postcolonial und Gender Studies Trier &#8211; Interdisziplin\u00e4res Kolloquium f\u00fcr (Post-)Doktorand\/innen (Web) Zeit: 14.-15.06.2012 Ort: Universit\u00e4t Trier Deadline: 16.04.2012 Das CePoG veranstaltet im Sommersemester 2012 zum f\u00fcnften Mal ein Kolloquium f\u00fcr (Post-)Doktorand\/innen zum Bereich &#8222;Postcolonial und Gender Studies&#8220;. Ziel ist es, den Nachwuchswissenschaftler\/innen, die in diesen beiden Feldern arbeiten, eine Plattform des inhaltlichen Austauschs [&hellip;]<\/p>\n","protected":false},"author":4,"featured_media":0,"comment_status":"open","ping_status":"open","sticky":false,"template":"","format":"standard","meta":{"footnotes":""},"categories":[3],"tags":[],"class_list":["post-8034","post","type-post","status-publish","format-standard","hentry","category-calls-for-papers"],"_links":{"self":[{"href":"https:\/\/salon21.univie.ac.at\/index.php?rest_route=\/wp\/v2\/posts\/8034","targetHints":{"allow":["GET"]}}],"collection":[{"href":"https:\/\/salon21.univie.ac.at\/index.php?rest_route=\/wp\/v2\/posts"}],"about":[{"href":"https:\/\/salon21.univie.ac.at\/index.php?rest_route=\/wp\/v2\/types\/post"}],"author":[{"embeddable":true,"href":"https:\/\/salon21.univie.ac.at\/index.php?rest_route=\/wp\/v2\/users\/4"}],"replies":[{"embeddable":true,"href":"https:\/\/salon21.univie.ac.at\/index.php?rest_route=%2Fwp%2Fv2%2Fcomments&post=8034"}],"version-history":[{"count":1,"href":"https:\/\/salon21.univie.ac.at\/index.php?rest_route=\/wp\/v2\/posts\/8034\/revisions"}],"predecessor-version":[{"id":61220,"href":"https:\/\/salon21.univie.ac.at\/index.php?rest_route=\/wp\/v2\/posts\/8034\/revisions\/61220"}],"wp:attachment":[{"href":"https:\/\/salon21.univie.ac.at\/index.php?rest_route=%2Fwp%2Fv2%2Fmedia&parent=8034"}],"wp:term":[{"taxonomy":"category","embeddable":true,"href":"https:\/\/salon21.univie.ac.at\/index.php?rest_route=%2Fwp%2Fv2%2Fcategories&post=8034"},{"taxonomy":"post_tag","embeddable":true,"href":"https:\/\/salon21.univie.ac.at\/index.php?rest_route=%2Fwp%2Fv2%2Ftags&post=8034"}],"curies":[{"name":"wp","href":"https:\/\/api.w.org\/{rel}","templated":true}]}}