{"id":869,"date":"2008-02-26T18:50:16","date_gmt":"2008-02-26T16:50:16","guid":{"rendered":"http:\/\/www.univie.ac.at\/Geschichte\/salon21\/?p=869"},"modified":"2022-05-19T16:21:49","modified_gmt":"2022-05-19T16:21:49","slug":"ausstellung-70er-plakate-2102-300308-wien","status":"publish","type":"post","link":"https:\/\/salon21.univie.ac.at\/?p=869","title":{"rendered":"Ausstellung &#8222;70er&#8220;-Plakate, 21.02.-30.03.08, Wien"},"content":{"rendered":"<p class=\"MsoNormal\">Die <a target=\"_blank\" href=\"http:\/\/www.wienbibliothek.at\/\" rel=\"noopener\">Wienbibliothek <\/a>im Rathaus pr\u00e4sentiert als Buch und in einer Ausstellung im Atrium des Wien Museums am Karlsplatz &#8222;70er&#8220;-Plakate aus ihrer umfangreichen Plakatsammlung. Der Band ist der erste einer konzipierten Publikationsreihe &#8222;Plakate aus der Sammlung der Wienbibliothek im Rathaus&#8220;, die die Dekaden von den 1950er-Jahren bis 2000 im Spiegel des Plakats pr\u00e4sentieren soll.<\/p>\n<p class=\"MsoNormal\">Wie plastisch gesellschaftliche, politische, kulturelle und wirtschaftliche Entwicklungen in den Plakaten einer \u00c4ra ablesbar sind, zeigen Buch und Ausstellung zu den 1970ern. Die Ausstellung im Atrium der Wienbibliothek ist vom 21. Februar bis 30. M\u00e4rz bei freiem Zugang zu sehen, das Buch ist um 20 Euro in der Ausstellung und der Wienbibliothek erh\u00e4ltlich.<\/p>\n<p class=\"MsoNormal\"><strong>\u00c4ra Kreisky und kultureller Aufbruch<\/strong><br \/>\nDie &#8222;Siebziger&#8220; in \u00d6sterreich stehen f\u00fcr den Aufbruch der \u00c4ra Kreisky in der Politik, f\u00fcr die neue Konsumgesellschaft, den kulturellen Aufbruch, <!--more-->der sich in zahlreichen Ereignissen manifestierte und, im Bereich der Werbung, f\u00fcr die Entwicklung hin zu den gro\u00dfen Agenturen. F\u00fcr die J\u00fcngeren bereits Zeugen einer historischen \u00c4ra, f\u00fcr die \u00c4lteren Erinnerungsst\u00fccke ihrer Jugend, lassen die insgesamt 100 Plakate des Buches und die kleinere Auswahl der Ausstellung das Geschehen Zeit, wie die Anti- Atomkraftbewegung, die Er\u00f6ffnung der ersten Wiener U-Bahn-Linie, die WIG 74 und pr\u00e4gende Kulturereignisse vom Musical &#8222;Hair&#8220; bis zum Stanley Kubricks &#8222;Clockwork Orange&#8220; oder die Erfolge der Local Heroes von &#8222;Drahdiwaberl&#8220; bis zu den &#8222;Schmetterlingen&#8220; und auch die &#8222;Arena&#8220;-Bewegung wieder erstehen. Die sch\u00f6ne neue Konsumwelt l\u00e4sst mit Werbung von Autos bis zu Getr\u00e4nken gr\u00fc\u00dfen, manche Slogans wie der &#8222;G&#8217;spritzte, der immer Saison&#8220; hat, haben bis heute Bestand.\n<\/p>\n<p class=\"MsoNormal\"><strong>250.000 Plakate in der Plakatsammlung der Bibliothek<\/strong><br \/>\nDie Wienbibliothek besitzt derzeit mit rund 250.000 Plakaten eine umfangreiche Sammlung, die weit in die Geschichte der Stadt zur\u00fcckreicht. Ein Grundstein zur Sammlung wurde 1975 mit der \u00dcbergabe von rund 120.000 bis 150.000 Plakaten gelegt &#8211; jedenfalls mit 4 LKWs voll Plakaten, so Gewista-Dir. Karl Javurek -, die die Gewista damals der Wienbibliothek \u00fcbergab. Die Bibliothek \u00fcbernahm die Aufarbeitung und &#8211; ebenfalls in Kooperation mit der Gewista &#8211; die Weiterentwicklung des Bestandes , einen Eindruck des Reichtums der Sammlung vermittelten bereits 1984 Buch und Ausstellung &#8222;Tagebuch der Stra\u00dfe&#8220;, nun soll die zweite H\u00e4lfte das 20. Jahrhunderts mit der &#8222;Dekadenreihe&#8220; pr\u00e4sentiert werden. Dir. Sylvia Mattl-Wurm verwies auch darauf, dass bereits eine gro\u00dfe Anzahl von Plakaten \u00fcber den Online-Katalog der Bibliothek abrufbar ist.\n<\/p>\n<p class=\"MsoNormal\">Weitere Informationen:<br \/>\n<a target=\"_new\" href=\"http:\/\/www.magwien.gv.at\/xlink\/http:\/www.wienbibliothek.at\/\" rel=\"noopener\">www.wienbibliothek.at\/<\/a><br \/>\nE-Mail: \u00f6effentlichkeitsarbeit#wienbibliothek.at<br \/>\n<a target=\"_blank\" href=\"http:\/\/www.wienmuseum.at\/\" rel=\"noopener\"> www.wienmuseum.at\/<\/a>\n<\/p>\n<p class=\"MsoNormal\">aus: <a target=\"_blank\" href=\"http:\/\/www.magwien.gv.at\/vtx\/vtx-rk-xlink?SEITE=020080220011\" rel=\"noopener\">Rathauskorrespondenz<br \/>\n<\/a><\/p>\n","protected":false},"excerpt":{"rendered":"<p>Die Wienbibliothek im Rathaus pr\u00e4sentiert als Buch und in einer Ausstellung im Atrium des Wien Museums am Karlsplatz &#8222;70er&#8220;-Plakate aus ihrer umfangreichen Plakatsammlung. Der Band ist der erste einer konzipierten Publikationsreihe &#8222;Plakate aus der Sammlung der Wienbibliothek im Rathaus&#8220;, die die Dekaden von den 1950er-Jahren bis 2000 im Spiegel des Plakats pr\u00e4sentieren soll. Wie plastisch [&hellip;]<\/p>\n","protected":false},"author":4,"featured_media":0,"comment_status":"open","ping_status":"open","sticky":false,"template":"","format":"standard","meta":{"footnotes":""},"categories":[4],"tags":[],"class_list":["post-869","post","type-post","status-publish","format-standard","hentry","category-events"],"_links":{"self":[{"href":"https:\/\/salon21.univie.ac.at\/index.php?rest_route=\/wp\/v2\/posts\/869","targetHints":{"allow":["GET"]}}],"collection":[{"href":"https:\/\/salon21.univie.ac.at\/index.php?rest_route=\/wp\/v2\/posts"}],"about":[{"href":"https:\/\/salon21.univie.ac.at\/index.php?rest_route=\/wp\/v2\/types\/post"}],"author":[{"embeddable":true,"href":"https:\/\/salon21.univie.ac.at\/index.php?rest_route=\/wp\/v2\/users\/4"}],"replies":[{"embeddable":true,"href":"https:\/\/salon21.univie.ac.at\/index.php?rest_route=%2Fwp%2Fv2%2Fcomments&post=869"}],"version-history":[{"count":1,"href":"https:\/\/salon21.univie.ac.at\/index.php?rest_route=\/wp\/v2\/posts\/869\/revisions"}],"predecessor-version":[{"id":62811,"href":"https:\/\/salon21.univie.ac.at\/index.php?rest_route=\/wp\/v2\/posts\/869\/revisions\/62811"}],"wp:attachment":[{"href":"https:\/\/salon21.univie.ac.at\/index.php?rest_route=%2Fwp%2Fv2%2Fmedia&parent=869"}],"wp:term":[{"taxonomy":"category","embeddable":true,"href":"https:\/\/salon21.univie.ac.at\/index.php?rest_route=%2Fwp%2Fv2%2Fcategories&post=869"},{"taxonomy":"post_tag","embeddable":true,"href":"https:\/\/salon21.univie.ac.at\/index.php?rest_route=%2Fwp%2Fv2%2Ftags&post=869"}],"curies":[{"name":"wp","href":"https:\/\/api.w.org\/{rel}","templated":true}]}}